{"id":9623,"date":"2016-08-28T15:21:00","date_gmt":"2016-08-28T20:21:00","guid":{"rendered":"http:\/\/enconecte.com\/?p=9623"},"modified":"2017-01-25T14:55:42","modified_gmt":"2017-01-25T20:55:42","slug":"exigen-cancelar-presentacion-de-gerardo-ortiz-en-la-feria-de-fresnillo","status":"publish","type":"post","link":"https:\/\/enconecte.com\/?p=9623","title":{"rendered":"Exigen cancelar presentaci\u00f3n de Gerardo Ort\u00edz en la Feria de Fresnillo"},"content":{"rendered":"<p><strong>Reconsiderar la presentaci\u00f3n de cantante acusado de Apolog\u00eda del Delito en la Fenapla, el llamado<\/strong><br \/>\n<strong> Este organismo pertenece al Sistema Estatal para Prevenir, Atender, Sancionar y Erradicar la Violencia contra las Mujeres<\/strong><\/p>\n<p>Las instancias del Comit\u00e9 de Sanci\u00f3n del Sistema Estatal para Prevenir, Atender, Sancionar y Erradicar la Violencia contra las Mujeres acordaron hacer un exhorto al Ayuntamiento de Fresnillo para que reconsidere y, de ser posible, evite la presentaci\u00f3n del cantante Gerardo Ortiz en la Feria Nacional de la Plata 2016.<\/p>\n<p>Perla Mart\u00ednez, titular de la Secretar\u00eda de las Mujeres (Semujer), dependencia integrante del Comit\u00e9, dijo que el exhorto fue realizado en funci\u00f3n de que este cantante de m\u00fasica popular enfrenta en libertad un proceso por los cargos de Apolog\u00eda del Delito, debido a un videoclip donde, entre otras cosas, alude a pr\u00e1cticas violentas contra las mujeres.<\/p>\n<p>Asimismo -agreg\u00f3 la Secretaria de las Mujeres-, en congruencia con las acciones realizadas por la administraci\u00f3n estatal en materia de atenci\u00f3n a la poblaci\u00f3n femenina de Zacatecas, recurrimos al reglamento de la citada Ley, arti\u0301culos 18 y 32, este \u00faltimo en su fracci\u00f3n I.<\/p>\n<p>Agreg\u00f3 que el exhorto ya fue entregado al Ayuntamiento de Fresnillo y confi\u00f3 en que el alcalde haga que prevalezca el esp\u00edritu de la Ley, en el sentido de responder a las recomendaciones de organismos nacionales e internacionales, asi\u0301 como de expertos en la materia, sobre la violencia que se ejerce sobre las mujeres y promover la cultura de respeto a los derechos humanos de las mujeres y de denuncia de la violencia.<\/p>\n","protected":false},"excerpt":{"rendered":"<p>Reconsiderar la presentaci\u00f3n de cantante acusado de Apolog\u00eda del Delito en la Fenapla, el llamado Este organismo pertenece al Sistema Estatal para Prevenir, Atender, Sancionar y Erradicar la Violencia contra las Mujeres Las instancias del Comit\u00e9 de Sanci\u00f3n del Sistema Estatal para Prevenir, Atender, Sancionar y Erradicar la Violencia contra las Mujeres acordaron hacer un [&hellip;]<\/p>\n","protected":false},"author":9,"featured_media":9624,"comment_status":"closed","ping_status":"closed","sticky":false,"template":"","format":"standard","meta":{"footnotes":""},"categories":[177],"tags":[262,1781],"class_list":["post-9623","post","type-post","status-publish","format-standard","has-post-thumbnail","hentry","category-municipios","tag-fresnillozac","tag-mujeres"],"_links":{"self":[{"href":"https:\/\/enconecte.com\/index.php?rest_route=\/wp\/v2\/posts\/9623","targetHints":{"allow":["GET"]}}],"collection":[{"href":"https:\/\/enconecte.com\/index.php?rest_route=\/wp\/v2\/posts"}],"about":[{"href":"https:\/\/enconecte.com\/index.php?rest_route=\/wp\/v2\/types\/post"}],"author":[{"embeddable":true,"href":"https:\/\/enconecte.com\/index.php?rest_route=\/wp\/v2\/users\/9"}],"replies":[{"embeddable":true,"href":"https:\/\/enconecte.com\/index.php?rest_route=%2Fwp%2Fv2%2Fcomments&post=9623"}],"version-history":[{"count":0,"href":"https:\/\/enconecte.com\/index.php?rest_route=\/wp\/v2\/posts\/9623\/revisions"}],"wp:featuredmedia":[{"embeddable":true,"href":"https:\/\/enconecte.com\/index.php?rest_route=\/wp\/v2\/media\/9624"}],"wp:attachment":[{"href":"https:\/\/enconecte.com\/index.php?rest_route=%2Fwp%2Fv2%2Fmedia&parent=9623"}],"wp:term":[{"taxonomy":"category","embeddable":true,"href":"https:\/\/enconecte.com\/index.php?rest_route=%2Fwp%2Fv2%2Fcategories&post=9623"},{"taxonomy":"post_tag","embeddable":true,"href":"https:\/\/enconecte.com\/index.php?rest_route=%2Fwp%2Fv2%2Ftags&post=9623"}],"curies":[{"name":"wp","href":"https:\/\/api.w.org\/{rel}","templated":true}]}}