{"id":757,"date":"2013-10-04T12:32:13","date_gmt":"2013-10-04T12:32:13","guid":{"rendered":"http:\/\/localhost\/enconecte\/?p=757"},"modified":"2015-12-24T18:56:58","modified_gmt":"2015-12-25T00:56:58","slug":"fijan-los-retos-y-estrategias-del-programa-pueblos-magicos","status":"publish","type":"post","link":"https:\/\/enconecte.com\/?p=757","title":{"rendered":"Fijan los retos y estrategias del programa Pueblos M\u00e1gicos"},"content":{"rendered":"<p>Funcionarios del Ayuntamiento 2013-2016, recibieron una capacitaci\u00f3n sobre el programa Pueblos M\u00e1gicos, en la que fijaron los retos que se deben superar y las estrategias que se habr\u00e1n de seguir, para continuar su impulso en el municipio.<\/p>\n<p>En la reuni\u00f3n encabezada por el director de Desarrollo Econ\u00f3mico y Social, H\u00e9ctor Alfredo M\u00e1rquez Medina, el director de Obras P\u00fablicas, Jos\u00e9 \u00c1ngel Flores Guti\u00e9rrez, el director del Instituto Jerezano de Cultura Carlos Guillermo Salinas Flores, as\u00ed como regidores del Ayuntamiento, el titular de dicho programa Pablo Torres Corpus, resalt\u00f3 la importancia de continuar impuls\u00e1ndolo.<\/p>\n<p>Explic\u00f3 que Pueblos M\u00e1gicos tiene como objetivo coadyuvar en el desarrollo de localidades t\u00edpicas, con un pasado de esplendor, un presente con riqueza cultural y un futuro prometedor.<\/p>\n<p>Otro de sus fines es fortalecer la infraestructura b\u00e1sica que no se ve, la urbana, la tur\u00edstica y la cultural, detall\u00f3.<\/p>\n<p>Torres Corpus se\u00f1al\u00f3 que los retos para mantener el t\u00edtulo son difundir el programa, arraigarlo, crear proyectos, capacitar a quienes se inmiscuyen en \u00e9l, impulsar la creatividad, la anfitrion\u00eda y la competencia, a la vez que tener sustentabilidad y orden.<\/p>\n<p>Indic\u00f3 que las estrategias para superar esos retos, comprenden la consolidaci\u00f3n de la oferta de los destinos y productos tur\u00edsticos, la diversificaci\u00f3n de \u00e9stos y el fomento de la inversi\u00f3n p\u00fablica en los tres niveles de gobierno.<\/p>\n<p>Asimismo se requiere de la instalaci\u00f3n de m\u00e1s festivales, generaci\u00f3n de proyecto y gesti\u00f3n oportunos, puntualiz\u00f3.<\/p>\n","protected":false},"excerpt":{"rendered":"<p>Funcionarios del Ayuntamiento 2013-2016, recibieron una capacitaci\u00f3n sobre el programa Pueblos M\u00e1gicos, en la que fijaron los retos que se deben superar y las estrategias que se habr\u00e1n de seguir, para continuar su impulso en el municipio. En la reuni\u00f3n encabezada por el director de Desarrollo Econ\u00f3mico y Social, H\u00e9ctor Alfredo M\u00e1rquez Medina, el director [&hellip;]<\/p>\n","protected":false},"author":7,"featured_media":758,"comment_status":"closed","ping_status":"closed","sticky":false,"template":"","format":"standard","meta":{"footnotes":""},"categories":[1370],"tags":[45,26,44,46],"class_list":["post-757","post","type-post","status-publish","format-standard","has-post-thumbnail","hentry","category-jerez","tag-capacitacion","tag-jerez","tag-pueblos-magicos","tag-turismo"],"_links":{"self":[{"href":"https:\/\/enconecte.com\/index.php?rest_route=\/wp\/v2\/posts\/757","targetHints":{"allow":["GET"]}}],"collection":[{"href":"https:\/\/enconecte.com\/index.php?rest_route=\/wp\/v2\/posts"}],"about":[{"href":"https:\/\/enconecte.com\/index.php?rest_route=\/wp\/v2\/types\/post"}],"author":[{"embeddable":true,"href":"https:\/\/enconecte.com\/index.php?rest_route=\/wp\/v2\/users\/7"}],"replies":[{"embeddable":true,"href":"https:\/\/enconecte.com\/index.php?rest_route=%2Fwp%2Fv2%2Fcomments&post=757"}],"version-history":[{"count":0,"href":"https:\/\/enconecte.com\/index.php?rest_route=\/wp\/v2\/posts\/757\/revisions"}],"wp:featuredmedia":[{"embeddable":true,"href":"https:\/\/enconecte.com\/index.php?rest_route=\/wp\/v2\/media\/758"}],"wp:attachment":[{"href":"https:\/\/enconecte.com\/index.php?rest_route=%2Fwp%2Fv2%2Fmedia&parent=757"}],"wp:term":[{"taxonomy":"category","embeddable":true,"href":"https:\/\/enconecte.com\/index.php?rest_route=%2Fwp%2Fv2%2Fcategories&post=757"},{"taxonomy":"post_tag","embeddable":true,"href":"https:\/\/enconecte.com\/index.php?rest_route=%2Fwp%2Fv2%2Ftags&post=757"}],"curies":[{"name":"wp","href":"https:\/\/api.w.org\/{rel}","templated":true}]}}