{"id":7333,"date":"2015-09-05T16:33:54","date_gmt":"2015-09-05T21:33:54","guid":{"rendered":"http:\/\/enconecte.com\/?p=7333"},"modified":"2022-04-05T00:00:43","modified_gmt":"2022-04-05T05:00:43","slug":"hace-vibrar-playa-limbo-el-multiforo-de-la-fenaza","status":"publish","type":"post","link":"https:\/\/enconecte.com\/?p=7333","title":{"rendered":"Hace vibrar Playa Limbo el Multiforo de la FENAZA"},"content":{"rendered":"<p><strong>\u2022 Presentan temas de su m\u00e1s reciente producci\u00f3n.<\/strong><br \/>\n<strong>\u2022 La Agrupaci\u00f3n puso a cantar a todos los presentes en el Multiforo.<\/strong><\/p>\n<p>La agrupaci\u00f3n del g\u00e9nero pop conformada por Mar\u00eda Le\u00f3n, Jorge Corrales, \u00c1ngel Badillo y Servando Y\u00e1\u00f1ez, mejor conocida como Playa Limbo, se apoder\u00f3 de las cientos de voces reunidas este viernes 4 de septiembre en el Multiforo de la Feria Nacional de Zacatecas 2015.<\/p>\n<p>La agrupaci\u00f3n que esta de manteles largos por sus 10 a\u00f1os de trayectoria, eligi\u00f3 a Zacatecas para ser uno de los estados en los que celebran su trayectoria con presentaci\u00f3n, comenzando a llenar la noche de emociones cuando a trav\u00e9s de sus notas y su peculiar estilo pop, empezaron a complacer a su p\u00fablico con el tema \u201cEl eco de tu voz\u201d, seguida de \u201cCalendario\u201d y \u201cAun pienso en ti\u201d que causaron el revuelo de cada uno de los m\u00e1s de asistentes.<\/p>\n<p>\u201cEl tiempo de ti\u201d, \u201cAs\u00ed fue\u201d, \u201cCalendario\u201d, \u201cImaginarte\u201d y \u201cLos amantes\u201d pusieron los sentimientos a flor de piel y fueron de las canciones m\u00e1s coreadas por cada uno de los seguidores de este grupo, haciendo vibrar el recinto gracias a las voces y aplausos que se ganaron de su p\u00fablico.<\/p>\n<p>Con la nueva tecnolog\u00eda que han integrado a sus presentaciones en la que relacionan el video y la m\u00fasica de una manera novedosa, demostraron que quieren seguir permaneciendo dentro del gusto de la gente, al ofrecer una presentaci\u00f3n que dej\u00f3 m\u00e1s que satisfechos a los zacatecanos en este el segundo d\u00eda de actividades en el Multiforo.<\/p>\n<p><iframe loading=\"lazy\" title=\"CONCIERTO PLAYA LIMBO MULTIFORO \/ FENAZA 2015\" width=\"640\" height=\"360\" src=\"https:\/\/www.youtube.com\/embed\/rfOkrL42qsw?feature=oembed\" frameborder=\"0\" allow=\"accelerometer; autoplay; clipboard-write; encrypted-media; gyroscope; picture-in-picture; web-share\" referrerpolicy=\"strict-origin-when-cross-origin\" allowfullscreen><\/iframe><\/p>\n","protected":false},"excerpt":{"rendered":"<p>\u2022 Presentan temas de su m\u00e1s reciente producci\u00f3n. \u2022 La Agrupaci\u00f3n puso a cantar a todos los presentes en el Multiforo. La agrupaci\u00f3n del g\u00e9nero pop conformada por Mar\u00eda Le\u00f3n, Jorge Corrales, \u00c1ngel Badillo y Servando Y\u00e1\u00f1ez, mejor conocida como Playa Limbo, se apoder\u00f3 de las cientos de voces reunidas este viernes 4 de septiembre [&hellip;]<\/p>\n","protected":false},"author":7,"featured_media":7334,"comment_status":"closed","ping_status":"closed","sticky":false,"template":"","format":"standard","meta":{"footnotes":""},"categories":[4],"tags":[883,216,60],"class_list":["post-7333","post","type-post","status-publish","format-standard","has-post-thumbnail","hentry","category-entretenimiento","tag-fenaza","tag-feria","tag-zac"],"_links":{"self":[{"href":"https:\/\/enconecte.com\/index.php?rest_route=\/wp\/v2\/posts\/7333","targetHints":{"allow":["GET"]}}],"collection":[{"href":"https:\/\/enconecte.com\/index.php?rest_route=\/wp\/v2\/posts"}],"about":[{"href":"https:\/\/enconecte.com\/index.php?rest_route=\/wp\/v2\/types\/post"}],"author":[{"embeddable":true,"href":"https:\/\/enconecte.com\/index.php?rest_route=\/wp\/v2\/users\/7"}],"replies":[{"embeddable":true,"href":"https:\/\/enconecte.com\/index.php?rest_route=%2Fwp%2Fv2%2Fcomments&post=7333"}],"version-history":[{"count":0,"href":"https:\/\/enconecte.com\/index.php?rest_route=\/wp\/v2\/posts\/7333\/revisions"}],"wp:featuredmedia":[{"embeddable":true,"href":"https:\/\/enconecte.com\/index.php?rest_route=\/wp\/v2\/media\/7334"}],"wp:attachment":[{"href":"https:\/\/enconecte.com\/index.php?rest_route=%2Fwp%2Fv2%2Fmedia&parent=7333"}],"wp:term":[{"taxonomy":"category","embeddable":true,"href":"https:\/\/enconecte.com\/index.php?rest_route=%2Fwp%2Fv2%2Fcategories&post=7333"},{"taxonomy":"post_tag","embeddable":true,"href":"https:\/\/enconecte.com\/index.php?rest_route=%2Fwp%2Fv2%2Ftags&post=7333"}],"curies":[{"name":"wp","href":"https:\/\/api.w.org\/{rel}","templated":true}]}}