{"id":5499,"date":"2015-02-05T20:07:29","date_gmt":"2015-02-06T02:07:29","guid":{"rendered":"http:\/\/enconecte.com\/?p=5499"},"modified":"2015-12-24T19:03:41","modified_gmt":"2015-12-25T01:03:41","slug":"ayuntamiento-cuida-constantemente-areas-verdes-del-municipio","status":"publish","type":"post","link":"https:\/\/enconecte.com\/?p=5499","title":{"rendered":"Ayuntamiento cuida constantemente \u00e1reas verdes del municipio"},"content":{"rendered":"<p>El Ayuntamiento, a trav\u00e9s del departamento de Ecolog\u00eda, da cuidado y mantenimiento constante a las \u00e1reas verdes del municipio.<\/p>\n<p>Es por ello que J. Patrocinio Carlos Morales, encargado de Ecolog\u00eda, indic\u00f3 que las \u00faltimas semanas de enero, se estuvo fertilizando el Jard\u00edn Principal, as\u00ed como lo prados del Boulevard Suave Patria, el de salida a Tepetongo en los tramos 3,4 y 5, y el Boulevard 20 de Noviembre en igual n\u00famero de tramos.<\/p>\n<p>Esta semana inici\u00f3 el retiro de hojas desechadas por los \u00e1rboles en el periodo oto\u00f1al e invernal en la Alameda, mismas que se dejaron durante un tiempo para que generaran calor al pasto, y posteriormente a partir del 15 de febrero comenzar\u00e1 el encalado de \u00e1rboles de la misma \u00e1rea.<\/p>\n<p>Asimismo se efectu\u00f3 una primer etapa de rehabilitaci\u00f3n de \u00e1reas verdes del fraccionamiento Popular del Sol, que consisti\u00f3 en la nivelaci\u00f3n con tierra lama, en la que se utilizaron 28 camiones que transportaron seis metros c\u00fabicos de dicho material cada uno.<\/p>\n<p>En pr\u00f3ximos d\u00edas comenzar\u00e1 la rehabilitaci\u00f3n de las \u00e1reas verdes que se encuentran junto al puente de la Cruz Roja, y a partir del mi\u00e9rcoles de ceniza el Jard\u00edn Principal se cerrar\u00e1 para realizar trabajos de mantenimiento durante 40 d\u00edas.<\/p>\n<p>Dentro de estos \u00faltimos se efectuar\u00e1 la poda de \u00e1rboles, de pasto, alineamiento de prados, poda sanitaria en los interiores y retiro de ramas secas.<\/p>\n","protected":false},"excerpt":{"rendered":"<p>El Ayuntamiento, a trav\u00e9s del departamento de Ecolog\u00eda, da cuidado y mantenimiento constante a las \u00e1reas verdes del municipio. Es por ello que J. Patrocinio Carlos Morales, encargado de Ecolog\u00eda, indic\u00f3 que las \u00faltimas semanas de enero, se estuvo fertilizando el Jard\u00edn Principal, as\u00ed como lo prados del Boulevard Suave Patria, el de salida a [&hellip;]<\/p>\n","protected":false},"author":7,"featured_media":5500,"comment_status":"closed","ping_status":"closed","sticky":false,"template":"","format":"standard","meta":{"footnotes":""},"categories":[1370],"tags":[26],"class_list":["post-5499","post","type-post","status-publish","format-standard","has-post-thumbnail","hentry","category-jerez","tag-jerez"],"_links":{"self":[{"href":"https:\/\/enconecte.com\/index.php?rest_route=\/wp\/v2\/posts\/5499","targetHints":{"allow":["GET"]}}],"collection":[{"href":"https:\/\/enconecte.com\/index.php?rest_route=\/wp\/v2\/posts"}],"about":[{"href":"https:\/\/enconecte.com\/index.php?rest_route=\/wp\/v2\/types\/post"}],"author":[{"embeddable":true,"href":"https:\/\/enconecte.com\/index.php?rest_route=\/wp\/v2\/users\/7"}],"replies":[{"embeddable":true,"href":"https:\/\/enconecte.com\/index.php?rest_route=%2Fwp%2Fv2%2Fcomments&post=5499"}],"version-history":[{"count":0,"href":"https:\/\/enconecte.com\/index.php?rest_route=\/wp\/v2\/posts\/5499\/revisions"}],"wp:featuredmedia":[{"embeddable":true,"href":"https:\/\/enconecte.com\/index.php?rest_route=\/wp\/v2\/media\/5500"}],"wp:attachment":[{"href":"https:\/\/enconecte.com\/index.php?rest_route=%2Fwp%2Fv2%2Fmedia&parent=5499"}],"wp:term":[{"taxonomy":"category","embeddable":true,"href":"https:\/\/enconecte.com\/index.php?rest_route=%2Fwp%2Fv2%2Fcategories&post=5499"},{"taxonomy":"post_tag","embeddable":true,"href":"https:\/\/enconecte.com\/index.php?rest_route=%2Fwp%2Fv2%2Ftags&post=5499"}],"curies":[{"name":"wp","href":"https:\/\/api.w.org\/{rel}","templated":true}]}}