{"id":5497,"date":"2015-02-05T00:04:17","date_gmt":"2015-02-05T06:04:17","guid":{"rendered":"http:\/\/enconecte.com\/?p=5497"},"modified":"2015-12-24T19:03:42","modified_gmt":"2015-12-25T01:03:42","slug":"avanza-con-agilidad-rehabilitacion-del-boulevard-suave-patria","status":"publish","type":"post","link":"https:\/\/enconecte.com\/?p=5497","title":{"rendered":"Avanza con agilidad rehabilitaci\u00f3n del boulevard Suave Patria"},"content":{"rendered":"<p><strong>Piden a la poblaci\u00f3n cuidar la obra<\/strong><\/p>\n<p>Con agilidad se realizan los trabajos de rehabilitaci\u00f3n del boulevard Suave Patria, que en 10 d\u00edas m\u00e1s presentar\u00e1n ya el 50 por ciento de avance.<\/p>\n<p>As\u00ed lo confirm\u00f3 el director de Obras y Servicios P\u00fablicos, Jos\u00e9 \u00c1ngel Flores Guti\u00e9rrez, quien detall\u00f3 que a la fecha estos trabajos llevan un avance del 35 por ciento, y que si el clima lo permite estar\u00e1n finalizados en la fecha prevista a mediados de marzo.<\/p>\n<p>Las lluvias pasadas detuvieron significativamente este avance, sin embargo todo volvi\u00f3 a la normalidad y actualmente sigue llev\u00e1ndose a cabo la apertura de tramos, retiro de asfalto, nivelaci\u00f3n de terreno, compactaci\u00f3n y colocaci\u00f3n del concreto estampado.<\/p>\n<p>Al respecto Flores Guti\u00e9rrez pidi\u00f3 a la ciudadan\u00eda apoyar estas labores cuidando la obra, puesto que ya se dio el primer caso de da\u00f1o a la misma, con consecuencias irreversibles o cuya reparaci\u00f3n conlleva un costo elevado.<\/p>\n<p>La circulaci\u00f3n por el \u00e1rea se mantiene todav\u00eda en doble sentido por uno s\u00f3lo de los carriles, y contin\u00faan abiertos accesos a los comercios circundantes.<\/p>\n","protected":false},"excerpt":{"rendered":"<p>Piden a la poblaci\u00f3n cuidar la obra Con agilidad se realizan los trabajos de rehabilitaci\u00f3n del boulevard Suave Patria, que en 10 d\u00edas m\u00e1s presentar\u00e1n ya el 50 por ciento de avance. As\u00ed lo confirm\u00f3 el director de Obras y Servicios P\u00fablicos, Jos\u00e9 \u00c1ngel Flores Guti\u00e9rrez, quien detall\u00f3 que a la fecha estos trabajos llevan [&hellip;]<\/p>\n","protected":false},"author":7,"featured_media":5498,"comment_status":"closed","ping_status":"closed","sticky":false,"template":"","format":"standard","meta":{"footnotes":""},"categories":[1370],"tags":[26,125],"class_list":["post-5497","post","type-post","status-publish","format-standard","has-post-thumbnail","hentry","category-jerez","tag-jerez","tag-obras"],"_links":{"self":[{"href":"https:\/\/enconecte.com\/index.php?rest_route=\/wp\/v2\/posts\/5497","targetHints":{"allow":["GET"]}}],"collection":[{"href":"https:\/\/enconecte.com\/index.php?rest_route=\/wp\/v2\/posts"}],"about":[{"href":"https:\/\/enconecte.com\/index.php?rest_route=\/wp\/v2\/types\/post"}],"author":[{"embeddable":true,"href":"https:\/\/enconecte.com\/index.php?rest_route=\/wp\/v2\/users\/7"}],"replies":[{"embeddable":true,"href":"https:\/\/enconecte.com\/index.php?rest_route=%2Fwp%2Fv2%2Fcomments&post=5497"}],"version-history":[{"count":0,"href":"https:\/\/enconecte.com\/index.php?rest_route=\/wp\/v2\/posts\/5497\/revisions"}],"wp:featuredmedia":[{"embeddable":true,"href":"https:\/\/enconecte.com\/index.php?rest_route=\/wp\/v2\/media\/5498"}],"wp:attachment":[{"href":"https:\/\/enconecte.com\/index.php?rest_route=%2Fwp%2Fv2%2Fmedia&parent=5497"}],"wp:term":[{"taxonomy":"category","embeddable":true,"href":"https:\/\/enconecte.com\/index.php?rest_route=%2Fwp%2Fv2%2Fcategories&post=5497"},{"taxonomy":"post_tag","embeddable":true,"href":"https:\/\/enconecte.com\/index.php?rest_route=%2Fwp%2Fv2%2Ftags&post=5497"}],"curies":[{"name":"wp","href":"https:\/\/api.w.org\/{rel}","templated":true}]}}