{"id":5496,"date":"2015-02-04T20:01:56","date_gmt":"2015-02-05T02:01:56","guid":{"rendered":"http:\/\/enconecte.com\/?p=5496"},"modified":"2015-12-24T19:03:42","modified_gmt":"2015-12-25T01:03:42","slug":"reinician-en-jerez-proyecto-joven","status":"publish","type":"post","link":"https:\/\/enconecte.com\/?p=5496","title":{"rendered":"Reinician en Jerez &#8220;Proyecto Joven&#8221;"},"content":{"rendered":"<p>El exitoso Proyecto Joven,  creado por el actual gobierno municipal para ofrecer a la juventud alternativas de sano esparcimiento, reiniciar\u00e1 sus actividades el 6 de febrero con una caravana ciclista y una funci\u00f3n de minicine.<\/p>\n<p>La coordinadora de Educaci\u00f3n Mar\u00eda Elva Sosa Mac\u00edas, reiter\u00f3 el inter\u00e9s del alcalde Jos\u00e9 Viramontes Rodarte, de impulsar una juventud sana, productiva y con valores, raz\u00f3n por la cual se cre\u00f3 Proyecto Joven.<\/p>\n<p>\u00c9ste comenz\u00f3 el a\u00f1o pasado y en el actual reiniciar\u00e1 sus actividades, con una caravana ciclista el 6 de febrero a las 6:30 de la tarde, organizada por el INJUVE.<\/p>\n<p>Posteriormente a las 8:00 de la noche en el callej\u00f3n del Reloj, se proyectar\u00e1 una funci\u00f3n de minicine, con la pel\u00edcula \u201cNo se aceptan devoluciones\u201d del actor Eugenio Derbez.<\/p>\n<p>Durante febrero y marzo, cada viernes se estar\u00e1 convocando a los j\u00f3venes a asistir a una caravana ciclista a la misma hora, para seguir con actividades alternadas de minicine, conciertos de m\u00fasica de rock y de m\u00fasica electr\u00f3nica con Djs de reconocido prestigio.<\/p>\n<p>Sosa Mac\u00edas invit\u00f3 a todos los j\u00f3venes que quieran participar en Proyecto Joven, dando a conocer sus talentos, a acercarse a la oficina de Educaci\u00f3n.<\/p>\n","protected":false},"excerpt":{"rendered":"<p>El exitoso Proyecto Joven, creado por el actual gobierno municipal para ofrecer a la juventud alternativas de sano esparcimiento, reiniciar\u00e1 sus actividades el 6 de febrero con una caravana ciclista y una funci\u00f3n de minicine. La coordinadora de Educaci\u00f3n Mar\u00eda Elva Sosa Mac\u00edas, reiter\u00f3 el inter\u00e9s del alcalde Jos\u00e9 Viramontes Rodarte, de impulsar una juventud [&hellip;]<\/p>\n","protected":false},"author":7,"featured_media":4656,"comment_status":"closed","ping_status":"closed","sticky":false,"template":"","format":"standard","meta":{"footnotes":""},"categories":[179,1370],"tags":[475],"class_list":["post-5496","post","type-post","status-publish","format-standard","has-post-thumbnail","hentry","category-cultura","category-jerez","tag-jovenes"],"_links":{"self":[{"href":"https:\/\/enconecte.com\/index.php?rest_route=\/wp\/v2\/posts\/5496","targetHints":{"allow":["GET"]}}],"collection":[{"href":"https:\/\/enconecte.com\/index.php?rest_route=\/wp\/v2\/posts"}],"about":[{"href":"https:\/\/enconecte.com\/index.php?rest_route=\/wp\/v2\/types\/post"}],"author":[{"embeddable":true,"href":"https:\/\/enconecte.com\/index.php?rest_route=\/wp\/v2\/users\/7"}],"replies":[{"embeddable":true,"href":"https:\/\/enconecte.com\/index.php?rest_route=%2Fwp%2Fv2%2Fcomments&post=5496"}],"version-history":[{"count":0,"href":"https:\/\/enconecte.com\/index.php?rest_route=\/wp\/v2\/posts\/5496\/revisions"}],"wp:featuredmedia":[{"embeddable":true,"href":"https:\/\/enconecte.com\/index.php?rest_route=\/wp\/v2\/media\/4656"}],"wp:attachment":[{"href":"https:\/\/enconecte.com\/index.php?rest_route=%2Fwp%2Fv2%2Fmedia&parent=5496"}],"wp:term":[{"taxonomy":"category","embeddable":true,"href":"https:\/\/enconecte.com\/index.php?rest_route=%2Fwp%2Fv2%2Fcategories&post=5496"},{"taxonomy":"post_tag","embeddable":true,"href":"https:\/\/enconecte.com\/index.php?rest_route=%2Fwp%2Fv2%2Ftags&post=5496"}],"curies":[{"name":"wp","href":"https:\/\/api.w.org\/{rel}","templated":true}]}}