{"id":5259,"date":"2015-01-13T15:34:14","date_gmt":"2015-01-13T21:34:14","guid":{"rendered":"http:\/\/www.enconecte.com\/?p=5259"},"modified":"2015-01-13T15:34:14","modified_gmt":"2015-01-13T21:34:14","slug":"invierte-godezac-cerca-de-5-mdp-en-mantenimiento-del-museo-arqueologico-de-la-quemada","status":"publish","type":"post","link":"https:\/\/enconecte.com\/?p=5259","title":{"rendered":"Invierte Godezac cerca de 5 mdp en mantenimiento del Museo Arque\u00f3logico de La Quemada"},"content":{"rendered":"<p><strong>La Quemada, Villanueva, Zac.-<\/strong> El Gobierno del Estado, a trav\u00e9s de la Secretar\u00eda de Infraestructura (Sinfra), invierte cerca de 5 millones de pesos en el mejoramiento del espacio cultural y educativo del Museo Arqueol\u00f3gico de La Quemada.<\/p>\n<p>Mario Rodr\u00edguez M\u00e1rquez, titular de la Sinfra, inform\u00f3 que, debido a estos trabajos, los accesos al museo, \u00e1rea educativa y cafeter\u00eda estar\u00e1n cerrados temporalmente al p\u00fablico a partir de este 12 de enero y hasta el pr\u00f3ximo mes de marzo.<\/p>\n<p>Agreg\u00f3 que el mantenimiento en las salas de exhibici\u00f3n implic\u00f3 el retiro de 74 piezas arqueol\u00f3gicas para su resguardo por parte del Instituto Nacional de Antropolog\u00eda e Historia (INAH), mientras que el resto de la zona seguir\u00e1 abierto al p\u00fablico.<\/p>\n","protected":false},"excerpt":{"rendered":"<p>La Quemada, Villanueva, Zac.- El Gobierno del Estado, a trav\u00e9s de la Secretar\u00eda de Infraestructura (Sinfra), invierte cerca de 5 millones de pesos en el mejoramiento del espacio cultural y educativo del Museo Arqueol\u00f3gico de La Quemada. Mario Rodr\u00edguez M\u00e1rquez, titular de la Sinfra, inform\u00f3 que, debido a estos trabajos, los accesos al museo, \u00e1rea [&hellip;]<\/p>\n","protected":false},"author":7,"featured_media":5260,"comment_status":"closed","ping_status":"closed","sticky":false,"template":"","format":"standard","meta":{"footnotes":""},"categories":[179],"tags":[249],"class_list":["post-5259","post","type-post","status-publish","format-standard","has-post-thumbnail","hentry","category-cultura","tag-sinfra"],"_links":{"self":[{"href":"https:\/\/enconecte.com\/index.php?rest_route=\/wp\/v2\/posts\/5259","targetHints":{"allow":["GET"]}}],"collection":[{"href":"https:\/\/enconecte.com\/index.php?rest_route=\/wp\/v2\/posts"}],"about":[{"href":"https:\/\/enconecte.com\/index.php?rest_route=\/wp\/v2\/types\/post"}],"author":[{"embeddable":true,"href":"https:\/\/enconecte.com\/index.php?rest_route=\/wp\/v2\/users\/7"}],"replies":[{"embeddable":true,"href":"https:\/\/enconecte.com\/index.php?rest_route=%2Fwp%2Fv2%2Fcomments&post=5259"}],"version-history":[{"count":0,"href":"https:\/\/enconecte.com\/index.php?rest_route=\/wp\/v2\/posts\/5259\/revisions"}],"wp:featuredmedia":[{"embeddable":true,"href":"https:\/\/enconecte.com\/index.php?rest_route=\/wp\/v2\/media\/5260"}],"wp:attachment":[{"href":"https:\/\/enconecte.com\/index.php?rest_route=%2Fwp%2Fv2%2Fmedia&parent=5259"}],"wp:term":[{"taxonomy":"category","embeddable":true,"href":"https:\/\/enconecte.com\/index.php?rest_route=%2Fwp%2Fv2%2Fcategories&post=5259"},{"taxonomy":"post_tag","embeddable":true,"href":"https:\/\/enconecte.com\/index.php?rest_route=%2Fwp%2Fv2%2Ftags&post=5259"}],"curies":[{"name":"wp","href":"https:\/\/api.w.org\/{rel}","templated":true}]}}