{"id":5098,"date":"2014-12-29T13:17:22","date_gmt":"2014-12-29T19:17:22","guid":{"rendered":"http:\/\/www.enconecte.com\/?p=5098"},"modified":"2017-01-25T14:25:10","modified_gmt":"2017-01-25T20:25:10","slug":"promueve-smdif-guadalupe-acciones-para-prevenir-enfermedades-respiratorias","status":"publish","type":"post","link":"https:\/\/enconecte.com\/?p=5098","title":{"rendered":"Promueve SMDIF Guadalupe acciones para prevenir enfermedades respiratorias"},"content":{"rendered":"<p>La prevenci\u00f3n de enfermedades bronquio respiratorias en esta \u00e9poca invernal, es una acci\u00f3n profil\u00e1ctica, que la familia tiene que atender con prioridad, para evitar que ni\u00f1os, adultos mayores y se\u00f1oras padezcan malestares de esta \u00edndole, que puedan transformarse en severas.<\/p>\n<p>Lo anterior fue se\u00f1alado, por la Dra. Claudia Lizbeth Cervantes Renter\u00eda, titular del departamento de medicina general del SMDIF, al indicar que en los primeros d\u00edas del presente mes se atendieron m\u00e1s de 70 consultas donde la mayor\u00eda relacionadas con la fisiolog\u00eda bronquio respiratorio, en la mayor\u00eda de ni\u00f1os menores de 10 a\u00f1os y adultos mayores.<\/p>\n<p>La doctora dijo, que existen instrucciones de la presidenta honorifica del SMDIF, Ana Elena Rojas Orcajo de orientar y asesorar a la poblaci\u00f3n abierta sobre la manera de evitar de manera preventiva algunas enfermedades, entre estas las m\u00e1s frecuentes en \u00e9poca de invierno que son: bronquitis, neumon\u00eda, bronconeumon\u00eda, pulmon\u00eda y otras infecto contagiosas.<\/p>\n<p>Para ello, los familiares deben de proteger a los ni\u00f1os y adultos mayores, con bebidas calientes con contenido vitam\u00ednico, estar bien abrigados y evitar cambios bruscos de temperatura que puede motivar alg\u00fan padecimiento del aparato respiratorio end\u00e9micas en la estaci\u00f3n de invierno.<\/p>\n<p>Finalmente la m\u00e9dico se\u00f1alo, que el Sistema Municipal DIF ofrecer el servicio de consulta gratuita a poblaci\u00f3n, abierta que no cuenta con los servicios m\u00e9dicos asistenciales de alguna instituci\u00f3n como, IMSS, ISSSTE u otros, que les permita una atenci\u00f3n de seguridad a su salud.<\/p>\n","protected":false},"excerpt":{"rendered":"<p>La prevenci\u00f3n de enfermedades bronquio respiratorias en esta \u00e9poca invernal, es una acci\u00f3n profil\u00e1ctica, que la familia tiene que atender con prioridad, para evitar que ni\u00f1os, adultos mayores y se\u00f1oras padezcan malestares de esta \u00edndole, que puedan transformarse en severas. Lo anterior fue se\u00f1alado, por la Dra. Claudia Lizbeth Cervantes Renter\u00eda, titular del departamento de [&hellip;]<\/p>\n","protected":false},"author":7,"featured_media":5099,"comment_status":"closed","ping_status":"closed","sticky":false,"template":"","format":"standard","meta":{"footnotes":""},"categories":[177],"tags":[94,268],"class_list":["post-5098","post","type-post","status-publish","format-standard","has-post-thumbnail","hentry","category-municipios","tag-dif","tag-invierno"],"_links":{"self":[{"href":"https:\/\/enconecte.com\/index.php?rest_route=\/wp\/v2\/posts\/5098","targetHints":{"allow":["GET"]}}],"collection":[{"href":"https:\/\/enconecte.com\/index.php?rest_route=\/wp\/v2\/posts"}],"about":[{"href":"https:\/\/enconecte.com\/index.php?rest_route=\/wp\/v2\/types\/post"}],"author":[{"embeddable":true,"href":"https:\/\/enconecte.com\/index.php?rest_route=\/wp\/v2\/users\/7"}],"replies":[{"embeddable":true,"href":"https:\/\/enconecte.com\/index.php?rest_route=%2Fwp%2Fv2%2Fcomments&post=5098"}],"version-history":[{"count":0,"href":"https:\/\/enconecte.com\/index.php?rest_route=\/wp\/v2\/posts\/5098\/revisions"}],"wp:featuredmedia":[{"embeddable":true,"href":"https:\/\/enconecte.com\/index.php?rest_route=\/wp\/v2\/media\/5099"}],"wp:attachment":[{"href":"https:\/\/enconecte.com\/index.php?rest_route=%2Fwp%2Fv2%2Fmedia&parent=5098"}],"wp:term":[{"taxonomy":"category","embeddable":true,"href":"https:\/\/enconecte.com\/index.php?rest_route=%2Fwp%2Fv2%2Fcategories&post=5098"},{"taxonomy":"post_tag","embeddable":true,"href":"https:\/\/enconecte.com\/index.php?rest_route=%2Fwp%2Fv2%2Ftags&post=5098"}],"curies":[{"name":"wp","href":"https:\/\/api.w.org\/{rel}","templated":true}]}}