{"id":5096,"date":"2014-12-31T13:16:21","date_gmt":"2014-12-31T19:16:21","guid":{"rendered":"http:\/\/www.enconecte.com\/?p=5096"},"modified":"2017-01-25T14:25:09","modified_gmt":"2017-01-25T20:25:09","slug":"capacita-ayuntamiento-de-guadalupe-sobre-uso-de-sillas-de-ruedas","status":"publish","type":"post","link":"https:\/\/enconecte.com\/?p=5096","title":{"rendered":"Capacita Ayuntamiento de Guadalupe sobre uso de sillas de ruedas"},"content":{"rendered":"<p>El Ayuntamiento Ciudad Guadalupe, en coordinaci\u00f3n con la SEDESOL y la CEISD, impartieron el curso b\u00e1sico en el manejo y cuidado de sillas de ruedas y otros implementos, que tiene como fin la instrucci\u00f3n en el manejo de \u00e9stos aparatos para personas con discapacidad.<\/p>\n<p>Lo anterior fue informado por el director del SMDIF, Mario Alberto Vera D\u00e1vila, quien agreg\u00f3 que los apoyos funcionales, no solamente se les entregan a quienes lo requieren, sino tambi\u00e9n se les instruye sobre el manejo de estos para que obtengan una mejor funcionalidad de los mismos.<\/p>\n<p>Asimismo indic\u00f3, que los instructores del curso fueron personal de la Asociaci\u00f3n de Servicios Caritativos \u201cSUD\u201d, quienes se dieron a la tarea de capacitar a cada uno de los participantes y comisionados municipales de enlace, auxiliares y choferes en la limpieza en el armado y sillas de ruedas.<\/p>\n<p>Se\u00f1al\u00f3 que en este periodo de apoyos, se han beneficiado a 266 personas con aparatos funcionales para la poblaci\u00f3n con discapacidad de varios municipios como: Trancoso, Villa de Cos, Villanueva, Fresnillo, Calera y Guadalupe, entre otros.<\/p>\n<p>Al curso acudieron Miguel Espinoza P\u00e9rez, Coordinador de la Asociaci\u00f3n de Servicios Curativos \u201cSUD\u201d; Jorge Obel S\u00e1nchez, Presidente de \u201cEstaca Zacatecas\u201d; Yolanda Cabral Soto en representaci\u00f3n del Director del ISSSTEZAC; Alberto D\u00edaz Ibarg\u00fcengoitia, Director del SEDIF, en representaci\u00f3n de la Lic. Lucia Alonso Reyes, presidenta del SEDIF.<\/p>\n<p>Tambi\u00e9n estuvieron presentes Mauricio Orlando Medina Ram\u00edrez, titular de la CEISD y Jos\u00e9 Ma. Gonz\u00e1lez Nava, Secretario de Desarrollo Social<\/p>\n","protected":false},"excerpt":{"rendered":"<p>El Ayuntamiento Ciudad Guadalupe, en coordinaci\u00f3n con la SEDESOL y la CEISD, impartieron el curso b\u00e1sico en el manejo y cuidado de sillas de ruedas y otros implementos, que tiene como fin la instrucci\u00f3n en el manejo de \u00e9stos aparatos para personas con discapacidad. Lo anterior fue informado por el director del SMDIF, Mario Alberto [&hellip;]<\/p>\n","protected":false},"author":7,"featured_media":5097,"comment_status":"closed","ping_status":"closed","sticky":false,"template":"","format":"standard","meta":{"footnotes":""},"categories":[177],"tags":[94,354],"class_list":["post-5096","post","type-post","status-publish","format-standard","has-post-thumbnail","hentry","category-municipios","tag-dif","tag-gpe"],"_links":{"self":[{"href":"https:\/\/enconecte.com\/index.php?rest_route=\/wp\/v2\/posts\/5096","targetHints":{"allow":["GET"]}}],"collection":[{"href":"https:\/\/enconecte.com\/index.php?rest_route=\/wp\/v2\/posts"}],"about":[{"href":"https:\/\/enconecte.com\/index.php?rest_route=\/wp\/v2\/types\/post"}],"author":[{"embeddable":true,"href":"https:\/\/enconecte.com\/index.php?rest_route=\/wp\/v2\/users\/7"}],"replies":[{"embeddable":true,"href":"https:\/\/enconecte.com\/index.php?rest_route=%2Fwp%2Fv2%2Fcomments&post=5096"}],"version-history":[{"count":0,"href":"https:\/\/enconecte.com\/index.php?rest_route=\/wp\/v2\/posts\/5096\/revisions"}],"wp:featuredmedia":[{"embeddable":true,"href":"https:\/\/enconecte.com\/index.php?rest_route=\/wp\/v2\/media\/5097"}],"wp:attachment":[{"href":"https:\/\/enconecte.com\/index.php?rest_route=%2Fwp%2Fv2%2Fmedia&parent=5096"}],"wp:term":[{"taxonomy":"category","embeddable":true,"href":"https:\/\/enconecte.com\/index.php?rest_route=%2Fwp%2Fv2%2Fcategories&post=5096"},{"taxonomy":"post_tag","embeddable":true,"href":"https:\/\/enconecte.com\/index.php?rest_route=%2Fwp%2Fv2%2Ftags&post=5096"}],"curies":[{"name":"wp","href":"https:\/\/api.w.org\/{rel}","templated":true}]}}