{"id":5086,"date":"2014-12-27T18:40:08","date_gmt":"2014-12-28T00:40:08","guid":{"rendered":"http:\/\/www.enconecte.com\/?p=5086"},"modified":"2017-01-25T14:25:10","modified_gmt":"2017-01-25T20:25:10","slug":"entrega-smdif-de-guadalupe-apoyos-invernales","status":"publish","type":"post","link":"https:\/\/enconecte.com\/?p=5086","title":{"rendered":"Entrega SMDIF de Guadalupe apoyos invernales"},"content":{"rendered":"<ul>\n<li><strong>Se entregaron m\u00e1s de mil 500 cobijas, adem\u00e1s de despensas a familias vulnerables del municipio<\/strong><\/li>\n<\/ul>\n<p>Siguiendo las indicaciones del Presidente Municipal, Roberto Lu\u00e9vano Ruiz, personal del Sistema Municipal DIF, acudieron a diferentes comunidades rurales y colonias populares para entregar m\u00e1s de mil 500 cobertores y despensas a familias vulnerables del municipio.<\/p>\n<p>El director del SMDIF, Mario Alberto Vera D\u00e1vila, acompa\u00f1ado por personal de la Delegaci\u00f3n de INAPAM, acudi\u00f3 a las comunidades, donde se registran clubes de la tercera edad, y colonias de la cabecera municipal, para hacer entrega de los apoyos.<\/p>\n<p>Mario Vera D\u00e1vila, dijo, que existen directrices del ejecutivo municipal Roberto Luevano Ru\u00edz, de apoyar a la persona en lo posible, que se encuentran en situaciones dif\u00edciles de sustento alimenticio y cobijo.<\/p>\n<p>Lo anterior asistencia social se establece dentro de un marco jur\u00eddico-normativo, donde se incluye los tres \u00f3rganos de gobierno federal estatal y municipal y con la coordinaci\u00f3n de los sectores p\u00fablicos y privados, centrando los valores de solidaridad, equidad y corresponsabilidad.<\/p>\n","protected":false},"excerpt":{"rendered":"<p>Se entregaron m\u00e1s de mil 500 cobijas, adem\u00e1s de despensas a familias vulnerables del municipio Siguiendo las indicaciones del Presidente Municipal, Roberto Lu\u00e9vano Ruiz, personal del Sistema Municipal DIF, acudieron a diferentes comunidades rurales y colonias populares para entregar m\u00e1s de mil 500 cobertores y despensas a familias vulnerables del municipio. El director del SMDIF, [&hellip;]<\/p>\n","protected":false},"author":7,"featured_media":5087,"comment_status":"closed","ping_status":"closed","sticky":false,"template":"","format":"standard","meta":{"footnotes":""},"categories":[177],"tags":[94,354,268],"class_list":["post-5086","post","type-post","status-publish","format-standard","has-post-thumbnail","hentry","category-municipios","tag-dif","tag-gpe","tag-invierno"],"_links":{"self":[{"href":"https:\/\/enconecte.com\/index.php?rest_route=\/wp\/v2\/posts\/5086","targetHints":{"allow":["GET"]}}],"collection":[{"href":"https:\/\/enconecte.com\/index.php?rest_route=\/wp\/v2\/posts"}],"about":[{"href":"https:\/\/enconecte.com\/index.php?rest_route=\/wp\/v2\/types\/post"}],"author":[{"embeddable":true,"href":"https:\/\/enconecte.com\/index.php?rest_route=\/wp\/v2\/users\/7"}],"replies":[{"embeddable":true,"href":"https:\/\/enconecte.com\/index.php?rest_route=%2Fwp%2Fv2%2Fcomments&post=5086"}],"version-history":[{"count":0,"href":"https:\/\/enconecte.com\/index.php?rest_route=\/wp\/v2\/posts\/5086\/revisions"}],"wp:featuredmedia":[{"embeddable":true,"href":"https:\/\/enconecte.com\/index.php?rest_route=\/wp\/v2\/media\/5087"}],"wp:attachment":[{"href":"https:\/\/enconecte.com\/index.php?rest_route=%2Fwp%2Fv2%2Fmedia&parent=5086"}],"wp:term":[{"taxonomy":"category","embeddable":true,"href":"https:\/\/enconecte.com\/index.php?rest_route=%2Fwp%2Fv2%2Fcategories&post=5086"},{"taxonomy":"post_tag","embeddable":true,"href":"https:\/\/enconecte.com\/index.php?rest_route=%2Fwp%2Fv2%2Ftags&post=5086"}],"curies":[{"name":"wp","href":"https:\/\/api.w.org\/{rel}","templated":true}]}}