{"id":5064,"date":"2014-12-23T21:25:49","date_gmt":"2014-12-24T03:25:49","guid":{"rendered":"http:\/\/www.enconecte.com\/?p=5064"},"modified":"2017-01-25T14:25:10","modified_gmt":"2017-01-25T20:25:10","slug":"destacan-alumnos-guadalupenses-en-olimpiada-de-matematicas","status":"publish","type":"post","link":"https:\/\/enconecte.com\/?p=5064","title":{"rendered":"Destacan alumnos guadalupenses en olimpiada de matem\u00e1ticas"},"content":{"rendered":"<p>El Presidente Municipal de Guadalupe, Roberto Lu\u00e9vano Ruiz, felicit\u00f3 y reconoci\u00f3 a los 8 alumnos guadalupenses que destacaron por sus excelentes resultados en la Olimpiada Estatal de Matem\u00e1ticas.<\/p>\n<p>En la sala de Juntas de la Presidencia Municipal se dieron cita los j\u00f3venes destacados en las olimpiadas de matem\u00e1ticas en su fase estatal, donde los recibi\u00f3 tambi\u00e9n el Subsecretario de Educaci\u00f3n B\u00e1sica y Normal de la Secretar\u00eda de Educaci\u00f3n del Estado de Zacatecas, Ubaldo \u00c1vila \u00c1vila.<\/p>\n<p>Roberto Lu\u00e9vano, coment\u00f3 que esta es una muestra de la capacidad l\u00f3gica matem\u00e1tica de los guadalupenses, lo cual brinda una idea de las oportunidades que se deben explorar en el futuro las oportunidades laborales.<\/p>\n<p>\u201cLas nuevas generaciones vienen con m\u00e1s empuje tenemos que agradecer el esfuerzo de los padres de familia que son quienes sacan adelante a sus hijos y los impulsan a destacar en todo lo que se propongan\u201d, se\u00f1al\u00f3 el mun\u00edcipe.<\/p>\n<p>Otra de las reflexiones que el Presidente Municipal puso sobre la mesa ante el Subsecretario de Educaci\u00f3n B\u00e1sica y Normal, es que el compromiso de todo gobierno de crear estrategias que permitan una amplia gama de oportunidades de desarrollo para los guadalupenses, a trav\u00e9s del cual se evite la fuga de talentos.<\/p>\n<p>Ubaldo \u00c1vila felicit\u00f3 a los estudiantes por su empe\u00f1o, lo que hace que Guadalupe destaque en todos los aspectos. \u201cEstaremos atentos para sumar esfuerzos con el Gobierno Municipal de Guadalupe\u201d culmin\u00f3 el subsecretario.<\/p>\n<p>Los alumnos recibieron de parte del Presidente Municipal, algunos obsequios, entre los cuales destacan una tableta electr\u00f3nica, la cual les servir\u00e1 para su preparaci\u00f3n en la etapa nacional.<\/p>\n<p>El Centro de Desarrollo Educativo de Guadalupe fue el encargado de preparar y presentar a 10 alumnos en la etapa regional de la edici\u00f3n 14 de la Olimpiada Estatal de Matem\u00e1ticas, teniendo como resultado 6 primeros lugares, un segundo y un tercero de 140 alumnos participantes provenientes de las 13 regiones educativas en el Estado, destacando:<\/p>\n<table>\n<tbody>\n<tr>\n<td width=\"111\">GRADO<\/td>\n<td width=\"236\">NOMBRE DEL ALUMNO<\/td>\n<td width=\"170\">ESCUELA<\/td>\n<td width=\"81\">MEDALLA<\/td>\n<\/tr>\n<tr>\n<td width=\"111\">5\u00ba PRIMARIA<\/td>\n<td width=\"236\">Emmanuel Alejandro S\u00e1nchez Silva<\/td>\n<td width=\"170\">INST. EDISON<\/td>\n<td width=\"81\">ORO<\/td>\n<\/tr>\n<tr>\n<td width=\"111\">5\u00ba PRIMARIA<\/td>\n<td width=\"236\">Valeria Manjarrez Rivera<\/td>\n<td width=\"170\">IEZ<\/td>\n<td width=\"81\">PLATA<\/td>\n<\/tr>\n<tr>\n<td width=\"111\">6\u00ba PRIMARIA<\/td>\n<td width=\"236\">Eduardo Miramontes G\u00f3mez<\/td>\n<td width=\"170\">FORD 135 T.M.<\/td>\n<td width=\"81\">ORO<\/td>\n<\/tr>\n<tr>\n<td width=\"111\">6\u00ba PRIMARIA<\/td>\n<td width=\"236\">Jos\u00e9 Hiram Arroyo Almeida<\/td>\n<td width=\"170\">PEDRO CORONEL<\/td>\n<td width=\"81\">ORO<\/td>\n<\/tr>\n<tr>\n<td width=\"111\">1\u00ba SECUNDARIA<\/td>\n<td width=\"236\">Dianna Gonz\u00e1lez PAdilla<\/td>\n<td width=\"170\">INST. EDISON<\/td>\n<td width=\"81\">ORO<\/td>\n<\/tr>\n<tr>\n<td width=\"111\">1\u00ba SECUNDARIA<\/td>\n<td width=\"236\">Jimena Gpe. Arellano Rocha<\/td>\n<td width=\"170\">CEBAARE<\/td>\n<td width=\"81\">BRONCE<\/td>\n<\/tr>\n<tr>\n<td width=\"111\">2\u00ba SECUNDARIA<\/td>\n<td width=\"236\">Mauro Enrique Castanedo HDZ.<\/td>\n<td width=\"170\">TEC. 70<\/td>\n<td width=\"81\">ORO<\/td>\n<\/tr>\n<tr>\n<td width=\"111\">3\u00ba SECUNDARIA<\/td>\n<td width=\"236\">Pedro Gonz\u00e1lez M.<\/td>\n<td width=\"170\">CEBAARE<\/td>\n<td width=\"81\">ORO<\/td>\n<\/tr>\n<\/tbody>\n<\/table>\n","protected":false},"excerpt":{"rendered":"<p>El Presidente Municipal de Guadalupe, Roberto Lu\u00e9vano Ruiz, felicit\u00f3 y reconoci\u00f3 a los 8 alumnos guadalupenses que destacaron por sus excelentes resultados en la Olimpiada Estatal de Matem\u00e1ticas. En la sala de Juntas de la Presidencia Municipal se dieron cita los j\u00f3venes destacados en las olimpiadas de matem\u00e1ticas en su fase estatal, donde los recibi\u00f3 [&hellip;]<\/p>\n","protected":false},"author":7,"featured_media":5065,"comment_status":"closed","ping_status":"closed","sticky":false,"template":"","format":"standard","meta":{"footnotes":""},"categories":[177],"tags":[354],"class_list":["post-5064","post","type-post","status-publish","format-standard","has-post-thumbnail","hentry","category-municipios","tag-gpe"],"_links":{"self":[{"href":"https:\/\/enconecte.com\/index.php?rest_route=\/wp\/v2\/posts\/5064","targetHints":{"allow":["GET"]}}],"collection":[{"href":"https:\/\/enconecte.com\/index.php?rest_route=\/wp\/v2\/posts"}],"about":[{"href":"https:\/\/enconecte.com\/index.php?rest_route=\/wp\/v2\/types\/post"}],"author":[{"embeddable":true,"href":"https:\/\/enconecte.com\/index.php?rest_route=\/wp\/v2\/users\/7"}],"replies":[{"embeddable":true,"href":"https:\/\/enconecte.com\/index.php?rest_route=%2Fwp%2Fv2%2Fcomments&post=5064"}],"version-history":[{"count":0,"href":"https:\/\/enconecte.com\/index.php?rest_route=\/wp\/v2\/posts\/5064\/revisions"}],"wp:featuredmedia":[{"embeddable":true,"href":"https:\/\/enconecte.com\/index.php?rest_route=\/wp\/v2\/media\/5065"}],"wp:attachment":[{"href":"https:\/\/enconecte.com\/index.php?rest_route=%2Fwp%2Fv2%2Fmedia&parent=5064"}],"wp:term":[{"taxonomy":"category","embeddable":true,"href":"https:\/\/enconecte.com\/index.php?rest_route=%2Fwp%2Fv2%2Fcategories&post=5064"},{"taxonomy":"post_tag","embeddable":true,"href":"https:\/\/enconecte.com\/index.php?rest_route=%2Fwp%2Fv2%2Ftags&post=5064"}],"curies":[{"name":"wp","href":"https:\/\/api.w.org\/{rel}","templated":true}]}}