{"id":4901,"date":"2014-12-03T23:53:23","date_gmt":"2014-12-04T05:53:23","guid":{"rendered":"http:\/\/www.enconecte.com\/?p=4901"},"modified":"2014-12-05T00:10:48","modified_gmt":"2014-12-05T06:10:48","slug":"realizaran-magno-concierto-de-banda-sinfonica-de-jerez-y-reconocidos-musicos","status":"publish","type":"post","link":"https:\/\/enconecte.com\/?p=4901","title":{"rendered":"Realizar\u00e1n magno concierto de Banda Sinf\u00f3nica de Jerez y reconocidos m\u00fasicos"},"content":{"rendered":"<ul>\n<li><strong>Se har\u00e1 el estreno mundial de \u201cEstrellita\u201d de Manuel M. Ponce<\/strong><\/li>\n<\/ul>\n<p>El Ayuntamiento, a trav\u00e9s del Instituto Jerezano de Cultura, ofrecer\u00e1 el 5 de diciembre un magno concierto de la Banda Sinf\u00f3nica de Jerez \u201cCandelario Hu\u00edzar\u201d, que conjuntamente con m\u00fasicos reconocidos a nivel nacional e internacional, efectuar\u00e1 el estreno mundial de la melod\u00eda \u201cEstrellita\u201d de Manuel M. Ponce.<\/p>\n<p>El director del Instituto, Carlos Guillermo Salinas Flores, resalt\u00f3 que estas acciones son el resultado de la indicaci\u00f3n permanente del presidente municipal, Jos\u00e9 Viramontes Rodarte, de hacer el esfuerzo posible para que los mejores eventos culturales est\u00e9n en Jerez.<\/p>\n<p>Por tal invit\u00f3 a los jerezanos, acompa\u00f1ado por el maestro de m\u00fasica Guillermo Villarreal, y el percusionista internacional Gustavo Ramos, a asistir a este importante evento que se llevar\u00e1 a cabo el pr\u00f3ximo viernes 5 de diciembre, a las 19:00 horas en el Teatro Hinojosa, con entrada libre.<\/p>\n<p>Dicho concierto incluir\u00e1 el estreno mundial de &#8220;Estrellita&#8221; de Manuel M. Ponce, en la versi\u00f3n con arreglos para banda sinf\u00f3nica del famoso compositor cubano Gonzalo Roig (1890-1970), autor de la canci\u00f3n &#8220;Cuando se quiere de veras&#8221;, bajo la direcci\u00f3n de Guillermo Villarreal y ejecutada por la Banda Municipal.<\/p>\n<p>Guillermo Villarreal, quien pertenece al FONCA de CONACULTA, felicit\u00f3 al gobierno municipal de Jerez por impulsar la sensibilizaci\u00f3n de la poblaci\u00f3n hacia la cultura, a trav\u00e9s de eventos de esta talla.<\/p>\n<p>Desde el 1 de diciembre, Villarreal lleg\u00f3 a la demarcaci\u00f3n para impartir cursos a la Banda Municipal, entre los que se incluye la conferencia \u201cNorte Sinf\u00f3nico, M\u00e9xico Sinf\u00f3nico\u201d hoy mi\u00e9rcoles 3 en el Teatro Hinojosa a las 18:00 horas.<\/p>\n","protected":false},"excerpt":{"rendered":"<p>Se har\u00e1 el estreno mundial de \u201cEstrellita\u201d de Manuel M. Ponce El Ayuntamiento, a trav\u00e9s del Instituto Jerezano de Cultura, ofrecer\u00e1 el 5 de diciembre un magno concierto de la Banda Sinf\u00f3nica de Jerez \u201cCandelario Hu\u00edzar\u201d, que conjuntamente con m\u00fasicos reconocidos a nivel nacional e internacional, efectuar\u00e1 el estreno mundial de la melod\u00eda \u201cEstrellita\u201d de [&hellip;]<\/p>\n","protected":false},"author":7,"featured_media":4902,"comment_status":"closed","ping_status":"closed","sticky":false,"template":"","format":"standard","meta":{"footnotes":""},"categories":[179],"tags":[705],"class_list":["post-4901","post","type-post","status-publish","format-standard","has-post-thumbnail","hentry","category-cultura","tag-concierto"],"_links":{"self":[{"href":"https:\/\/enconecte.com\/index.php?rest_route=\/wp\/v2\/posts\/4901","targetHints":{"allow":["GET"]}}],"collection":[{"href":"https:\/\/enconecte.com\/index.php?rest_route=\/wp\/v2\/posts"}],"about":[{"href":"https:\/\/enconecte.com\/index.php?rest_route=\/wp\/v2\/types\/post"}],"author":[{"embeddable":true,"href":"https:\/\/enconecte.com\/index.php?rest_route=\/wp\/v2\/users\/7"}],"replies":[{"embeddable":true,"href":"https:\/\/enconecte.com\/index.php?rest_route=%2Fwp%2Fv2%2Fcomments&post=4901"}],"version-history":[{"count":0,"href":"https:\/\/enconecte.com\/index.php?rest_route=\/wp\/v2\/posts\/4901\/revisions"}],"wp:featuredmedia":[{"embeddable":true,"href":"https:\/\/enconecte.com\/index.php?rest_route=\/wp\/v2\/media\/4902"}],"wp:attachment":[{"href":"https:\/\/enconecte.com\/index.php?rest_route=%2Fwp%2Fv2%2Fmedia&parent=4901"}],"wp:term":[{"taxonomy":"category","embeddable":true,"href":"https:\/\/enconecte.com\/index.php?rest_route=%2Fwp%2Fv2%2Fcategories&post=4901"},{"taxonomy":"post_tag","embeddable":true,"href":"https:\/\/enconecte.com\/index.php?rest_route=%2Fwp%2Fv2%2Ftags&post=4901"}],"curies":[{"name":"wp","href":"https:\/\/api.w.org\/{rel}","templated":true}]}}