{"id":4763,"date":"2014-11-20T22:03:46","date_gmt":"2014-11-21T04:03:46","guid":{"rendered":"http:\/\/www.enconecte.com\/?p=4763"},"modified":"2014-11-20T22:03:46","modified_gmt":"2014-11-21T04:03:46","slug":"sera-fresnillo-participe-del-festival-manuel-m-ponce","status":"publish","type":"post","link":"https:\/\/enconecte.com\/?p=4763","title":{"rendered":"Ser\u00e1 Fresnillo part\u00edcipe del Festival Manuel M. Ponce"},"content":{"rendered":"<p>Presenta, Gustavo Salinas \u00cd\u00f1iguez, titular del Instituto Zacatecanos de Cultura (IZC), en compa\u00f1\u00eda del Alcalde, Benjam\u00edn Medrano, el Primer Festival Manuel M. Ponce, donde Fresnillo es una de las tres ciudades que tendr\u00e1n eventos culturales del 26 al 29 de noviembre.<\/p>\n<p>La Presentaci\u00f3n se realiz\u00f3 en el Extemplo de la Concepci\u00f3n ante los medios de comunicaci\u00f3n y la comunidad art\u00edstica del municipio, en el lugar fue develado por el titular del Instituto de Cultura y el Alcalde, el poster promocional del Festival.<\/p>\n<p>\u201cFrenillo va a trascender en materia cultural y la comunidad de artistas es quienes m\u00e1s nos van a ayudar a que Fresnillo sea m\u00e1s en cultura y educaci\u00f3n de lo que ahora es, agradezco al Gobernador, por conducto del Gustavo Salinas \u00cd\u00f1iguez por incluidos en este primer festival, donde la gente podr\u00e1 disfrutar de varias actividades en honor al mejor compositor que M\u00e9xico ha tenido\u201d, dijo el Alcalde Medrano Quezada.<\/p>\n<p>Anunci\u00f3 que el Ayuntamiento espera reeditar un impreso para que se conozca parte de la vida de Manuel M. Ponce y que sea difundido entre aquellos que visitan el Mineral y el Turismo Religioso de Plateros.<\/p>\n<p>La Capital del Estado, Fresnillo y Guadalupe son las tres sedes donde se realizaran las actividades del Festival, en El Mineral se llevar\u00e1n a cabo los conciertos en la Rinconada de la Purificaci\u00f3n, en el Patio Central de la Presidencia Municipal, y en el Extemplo de la Concepci\u00f3n.<\/p>\n<p>Por su parte Gustavo Salinas \u00cd\u00f1iguez indic\u00f3 que este festival es un homenaje por parte de los zacatecanos organizado gracias a la sensibilidad del Gobierno del Estado que encabeza Miguel Alonso Reyes, con el apoyo del Instituto Nacional de Bellas Artes y el Consejo Nacional para la Cultura y las Artes.<\/p>\n<p>En las tres sedes en el estado se tendr\u00e1n Conciertos, recitales, conferencias clases magistrales, convocatoria al concurso nacional de composici\u00f3n, y la presea al m\u00e9rito, que es un premio otorgado por el festival para m\u00fasicos y compositores destacados.<\/p>\n<p>En Fresnillo iniciaran las actividades el mi\u00e9rcoles 26 en el Extemplo de la Concepci\u00f3n, a las 19:00 horas, con un Concierto Sinf\u00f3nico, por parte de la Orquesta de C\u00e1mara del Estado de Zacatecas; el jueves 27, a las 19:00 horas, concierto de Cuerdas, por el Cuartero Carlos Ch\u00e1vez de la ciudad de M\u00e9xico, por igual en el Extemplo de la Concepci\u00f3n.<\/p>\n<p>Para el viernes 28 de noviembre, a las 18:00 horas, en el patio de la Presidencia Municipal, la Conferencia \u201cEvoluci\u00f3n y Eclecticismo de la M\u00fasica de Manuel M. Ponce\u201d dada por Jos\u00e9 Barr\u00f3n Covera; el mismo viernes 28, pero a las 19:00 horas, el concierto de Cuerdas por el Trio Coghlan de la ciudad de M\u00e9xico, en el Extemplo de la Concepci\u00f3n.<\/p>\n<p>Mientras que en la Rinconada de la Purificaci\u00f3n se realizar\u00e1 tres eventos, el primero el jueves 27 denominado \u201cPonce Mexican\u00edsimo\u201d con la participaci\u00f3n de los cantantes H\u00e9ctor Saucedo, Arturo Barrera y Cristian Berenice; el 28 de noviembre \u201cPonce Vive por Siempre\u201d, con los cantantes Ghandy \u00c1lvarez, Alejandro De los Santos y Nora Garamendi; y finaliza el s\u00e1bado 29 con \u201cM\u00fasica Mexicana en Homenaje a Manuel M. Ponce\u201d, con la participaci\u00f3n de Ponce Jos\u00e9 Salinas, Manuel Contero y Ana Celia Valenzuela; todos los eventos de la rinconada ser\u00e1n a las 20:00 horas.<\/p>\n<p>En el Evento Estuvieron presentes Leopoldo El\u00edas Smith Mac Donald, titular del Instituto Municipal Fresnillense para la Cultura; Jos\u00e9 Ricardo Torres, jefe del Departamento de Turismo; Marco Antonio Saucedo, subdirector de la Red Estatal de Festivales del IZC; y Hugo Jim\u00e9nez \u00c1lvarez, director del Instituto Tecnol\u00f3gico Superior de Fresnillo.<\/p>\n","protected":false},"excerpt":{"rendered":"<p>Presenta, Gustavo Salinas \u00cd\u00f1iguez, titular del Instituto Zacatecanos de Cultura (IZC), en compa\u00f1\u00eda del Alcalde, Benjam\u00edn Medrano, el Primer Festival Manuel M. Ponce, donde Fresnillo es una de las tres ciudades que tendr\u00e1n eventos culturales del 26 al 29 de noviembre. La Presentaci\u00f3n se realiz\u00f3 en el Extemplo de la Concepci\u00f3n ante los medios de [&hellip;]<\/p>\n","protected":false},"author":7,"featured_media":4764,"comment_status":"closed","ping_status":"closed","sticky":false,"template":"","format":"standard","meta":{"footnotes":""},"categories":[179],"tags":[142,262],"class_list":["post-4763","post","type-post","status-publish","format-standard","has-post-thumbnail","hentry","category-cultura","tag-festival","tag-fresnillozac"],"_links":{"self":[{"href":"https:\/\/enconecte.com\/index.php?rest_route=\/wp\/v2\/posts\/4763","targetHints":{"allow":["GET"]}}],"collection":[{"href":"https:\/\/enconecte.com\/index.php?rest_route=\/wp\/v2\/posts"}],"about":[{"href":"https:\/\/enconecte.com\/index.php?rest_route=\/wp\/v2\/types\/post"}],"author":[{"embeddable":true,"href":"https:\/\/enconecte.com\/index.php?rest_route=\/wp\/v2\/users\/7"}],"replies":[{"embeddable":true,"href":"https:\/\/enconecte.com\/index.php?rest_route=%2Fwp%2Fv2%2Fcomments&post=4763"}],"version-history":[{"count":0,"href":"https:\/\/enconecte.com\/index.php?rest_route=\/wp\/v2\/posts\/4763\/revisions"}],"wp:featuredmedia":[{"embeddable":true,"href":"https:\/\/enconecte.com\/index.php?rest_route=\/wp\/v2\/media\/4764"}],"wp:attachment":[{"href":"https:\/\/enconecte.com\/index.php?rest_route=%2Fwp%2Fv2%2Fmedia&parent=4763"}],"wp:term":[{"taxonomy":"category","embeddable":true,"href":"https:\/\/enconecte.com\/index.php?rest_route=%2Fwp%2Fv2%2Fcategories&post=4763"},{"taxonomy":"post_tag","embeddable":true,"href":"https:\/\/enconecte.com\/index.php?rest_route=%2Fwp%2Fv2%2Ftags&post=4763"}],"curies":[{"name":"wp","href":"https:\/\/api.w.org\/{rel}","templated":true}]}}