{"id":4578,"date":"2014-10-28T20:58:02","date_gmt":"2014-10-29T02:58:02","guid":{"rendered":"http:\/\/www.enconecte.com\/?p=4578"},"modified":"2015-12-24T19:06:03","modified_gmt":"2015-12-25T01:06:03","slug":"ofrecen-a-la-ciudadania-mediacion-y-conciliacion-de-conflictos-legales","status":"publish","type":"post","link":"https:\/\/enconecte.com\/?p=4578","title":{"rendered":"Ofrecen a la ciudadan\u00eda mediaci\u00f3n y conciliaci\u00f3n de conflictos legales"},"content":{"rendered":"<p>El gobierno municipal, en conjunto con el Centro Estatal de Justicia Alternativa, est\u00e1 ofreciendo a la ciudadan\u00eda la Mediaci\u00f3n y la Conciliaci\u00f3n, como medios eficientes para resolver conflictos civiles, mercantiles o familiares.<\/p>\n<p>El secretario de gobierno, Samuel Berumen de la Torre, dio a conocer que el Ayuntamiento est\u00e1 apoyando al Centro Estatal de Justicia Alternativa, cuya finalidad es ofrecer mediaci\u00f3n y conciliaci\u00f3n a los problemas legales de la ciudadan\u00eda, de manera pac\u00edfica, pronta y gratuita.<\/p>\n<p>Apunt\u00f3 que este organismo pertenece al Poder Judicial del Estado de Zacatecas, y se encarga de encontrar formas diferentes de solucionar conflictos, sin tener que iniciar o continuar un juicio que resulte costoso y desgastante.<\/p>\n<p>Acudiendo a sus servicios, existe la posibilidad de elaboraci\u00f3n de un convenio que de plena certeza y seguridad jur\u00eddica, por pasar ante un juez, adem\u00e1s de que en diversas ocasiones las partes en conflicto, restablecen su relaci\u00f3n personal.<\/p>\n<p>Los conflictos que se pueden solucionar mediante este organismo son de tipo familiar, mercantil y civil, alentando el respeto y la toma de decisiones adecuadas entre los participantes.<\/p>\n<p>El Centro Estatal de Justicia Alternativa, cuya titular es Raquel \u00c1vila Viramontes, se ubica en Jerez en la calle Guerrero n\u00famero 6, Zona Centro, entre las calles Hospicio y Reforma, y brinda atenci\u00f3n al p\u00fablico de lunes a viernes de las 9:00 a las 15:00 horas, o en el n\u00famero telef\u00f3nico 01 494 945 5159.<\/p>\n","protected":false},"excerpt":{"rendered":"<p>El gobierno municipal, en conjunto con el Centro Estatal de Justicia Alternativa, est\u00e1 ofreciendo a la ciudadan\u00eda la Mediaci\u00f3n y la Conciliaci\u00f3n, como medios eficientes para resolver conflictos civiles, mercantiles o familiares. El secretario de gobierno, Samuel Berumen de la Torre, dio a conocer que el Ayuntamiento est\u00e1 apoyando al Centro Estatal de Justicia Alternativa, [&hellip;]<\/p>\n","protected":false},"author":7,"featured_media":4579,"comment_status":"closed","ping_status":"closed","sticky":false,"template":"","format":"standard","meta":{"footnotes":""},"categories":[1370],"tags":[26,329],"class_list":["post-4578","post","type-post","status-publish","format-standard","has-post-thumbnail","hentry","category-jerez","tag-jerez","tag-samuel-berumen"],"_links":{"self":[{"href":"https:\/\/enconecte.com\/index.php?rest_route=\/wp\/v2\/posts\/4578","targetHints":{"allow":["GET"]}}],"collection":[{"href":"https:\/\/enconecte.com\/index.php?rest_route=\/wp\/v2\/posts"}],"about":[{"href":"https:\/\/enconecte.com\/index.php?rest_route=\/wp\/v2\/types\/post"}],"author":[{"embeddable":true,"href":"https:\/\/enconecte.com\/index.php?rest_route=\/wp\/v2\/users\/7"}],"replies":[{"embeddable":true,"href":"https:\/\/enconecte.com\/index.php?rest_route=%2Fwp%2Fv2%2Fcomments&post=4578"}],"version-history":[{"count":0,"href":"https:\/\/enconecte.com\/index.php?rest_route=\/wp\/v2\/posts\/4578\/revisions"}],"wp:featuredmedia":[{"embeddable":true,"href":"https:\/\/enconecte.com\/index.php?rest_route=\/wp\/v2\/media\/4579"}],"wp:attachment":[{"href":"https:\/\/enconecte.com\/index.php?rest_route=%2Fwp%2Fv2%2Fmedia&parent=4578"}],"wp:term":[{"taxonomy":"category","embeddable":true,"href":"https:\/\/enconecte.com\/index.php?rest_route=%2Fwp%2Fv2%2Fcategories&post=4578"},{"taxonomy":"post_tag","embeddable":true,"href":"https:\/\/enconecte.com\/index.php?rest_route=%2Fwp%2Fv2%2Ftags&post=4578"}],"curies":[{"name":"wp","href":"https:\/\/api.w.org\/{rel}","templated":true}]}}