{"id":4569,"date":"2014-10-24T20:46:40","date_gmt":"2014-10-25T01:46:40","guid":{"rendered":"http:\/\/www.enconecte.com\/?p=4569"},"modified":"2015-12-24T19:07:14","modified_gmt":"2015-12-25T01:07:14","slug":"alcalde-inaugura-escuela-de-artes","status":"publish","type":"post","link":"https:\/\/enconecte.com\/?p=4569","title":{"rendered":"Alcalde inaugura escuela de artes"},"content":{"rendered":"<p>l presidente municipal Jos\u00e9 Viramontes Rodarte, puso en marcha los cursos de la Escuela de Iniciaci\u00f3n Art\u00edstica Asociada, que estar\u00e1 a cargo del Instituto Jerezano de Cultura y a trav\u00e9s de la cual buscar\u00e1n forjar a los futuros talentos art\u00edsticos de Jerez.<\/p>\n<p>Ante un centenar de peque\u00f1os estudiantes congregados en el Teatro Hinojosa, el alcalde asegur\u00f3 estar frente a los que ser\u00e1n los futuros m\u00fasicos, bailarines, actores y artistas pl\u00e1sticos, que habr\u00e1n de poner en alto el nombre de Jerez.<\/p>\n<p>Acompa\u00f1ado por el secretario de gobierno, Samuel Berumen de la Torre, la regidora M\u00f3nica Acosta Acosta, el director de Desarrollo Econ\u00f3mico, H\u00e9ctor M\u00e1rquez Medina, y el director del IJC, Carlos Guillermo Salinas Flores, resalt\u00f3 que este proyecto naci\u00f3 a ra\u00edz de la demanda de espacios de desarrollo, en los que se puedan formar a ni\u00f1os y a j\u00f3venes jerezanos en torno a las artes.<\/p>\n<p>Reconoci\u00f3 el empe\u00f1o del director del IJC, por hacer realidad de manera inmediata las instrucciones e iniciativas que se le han encomendado, para hacer de Jerez una puerta abierta a la cultura.<\/p>\n<p>El mun\u00edcipe comprometi\u00f3 a la nueva generaci\u00f3n de alumnos, a dar lo mejor de s\u00ed en correspondencia al esfuerzo de sus padres, y a mostrar al t\u00e9rmino del curso lo aprendido ante los jerezanos.<\/p>\n<p>Los nuevos alumnos, manifestaron su agradecimiento al presidente municipal, por el apoyo brindado para hacer realidad esta escuela, y con ello dar la oportunidad a los ni\u00f1os jerezanos de canalizar sus inquietudes a trav\u00e9s de las artes.<\/p>\n<p>Por su parte el director del IJC, indic\u00f3 que ser\u00e1 la tercer escuela de este tipo en todo el Estado, misma que estar\u00e1 avalada por el Instituto Nacional de Bellas Artes (INBA) y a trav\u00e9s de la cual los alumnos desarrollar\u00e1n sus habilidades en Teatro, Danza, M\u00fasica y las Artes Pl\u00e1sticas-Visuales.<\/p>\n<p>Durante el acto inaugural, se disfrut\u00f3 de la presentaci\u00f3n de la banda de m\u00fasica Candelario Hu\u00edzar, la interpretaci\u00f3n en guitarra cl\u00e1sica de j\u00f3venes del Instituto de Cultura de Villanueva, y la interpretaci\u00f3n de m\u00fasica regional mexicana de la ni\u00f1a Ana Fabiana<\/p>\n","protected":false},"excerpt":{"rendered":"<p>l presidente municipal Jos\u00e9 Viramontes Rodarte, puso en marcha los cursos de la Escuela de Iniciaci\u00f3n Art\u00edstica Asociada, que estar\u00e1 a cargo del Instituto Jerezano de Cultura y a trav\u00e9s de la cual buscar\u00e1n forjar a los futuros talentos art\u00edsticos de Jerez. Ante un centenar de peque\u00f1os estudiantes congregados en el Teatro Hinojosa, el alcalde [&hellip;]<\/p>\n","protected":false},"author":7,"featured_media":4570,"comment_status":"closed","ping_status":"closed","sticky":false,"template":"","format":"standard","meta":{"footnotes":""},"categories":[179,1370],"tags":[1066,977,26],"class_list":["post-4569","post","type-post","status-publish","format-standard","has-post-thumbnail","hentry","category-cultura","category-jerez","tag-escuela-de-artes","tag-inba","tag-jerez"],"_links":{"self":[{"href":"https:\/\/enconecte.com\/index.php?rest_route=\/wp\/v2\/posts\/4569","targetHints":{"allow":["GET"]}}],"collection":[{"href":"https:\/\/enconecte.com\/index.php?rest_route=\/wp\/v2\/posts"}],"about":[{"href":"https:\/\/enconecte.com\/index.php?rest_route=\/wp\/v2\/types\/post"}],"author":[{"embeddable":true,"href":"https:\/\/enconecte.com\/index.php?rest_route=\/wp\/v2\/users\/7"}],"replies":[{"embeddable":true,"href":"https:\/\/enconecte.com\/index.php?rest_route=%2Fwp%2Fv2%2Fcomments&post=4569"}],"version-history":[{"count":0,"href":"https:\/\/enconecte.com\/index.php?rest_route=\/wp\/v2\/posts\/4569\/revisions"}],"wp:featuredmedia":[{"embeddable":true,"href":"https:\/\/enconecte.com\/index.php?rest_route=\/wp\/v2\/media\/4570"}],"wp:attachment":[{"href":"https:\/\/enconecte.com\/index.php?rest_route=%2Fwp%2Fv2%2Fmedia&parent=4569"}],"wp:term":[{"taxonomy":"category","embeddable":true,"href":"https:\/\/enconecte.com\/index.php?rest_route=%2Fwp%2Fv2%2Fcategories&post=4569"},{"taxonomy":"post_tag","embeddable":true,"href":"https:\/\/enconecte.com\/index.php?rest_route=%2Fwp%2Fv2%2Ftags&post=4569"}],"curies":[{"name":"wp","href":"https:\/\/api.w.org\/{rel}","templated":true}]}}