{"id":4567,"date":"2014-10-23T20:44:11","date_gmt":"2014-10-24T01:44:11","guid":{"rendered":"http:\/\/www.enconecte.com\/?p=4567"},"modified":"2015-12-24T19:07:15","modified_gmt":"2015-12-25T01:07:15","slug":"resuelven-situacion-de-toldos-colocados-en-el-centro-de-la-ciudad","status":"publish","type":"post","link":"https:\/\/enconecte.com\/?p=4567","title":{"rendered":"Resuelven situaci\u00f3n de toldos colocados en el centro de la ciudad"},"content":{"rendered":"<p>El Ayuntamiento en conjunto con la Junta de Protecci\u00f3n y Conservaci\u00f3n de Monumentos y Zonas T\u00edpicas del Estado de Zacatecas, resolvi\u00f3 la problem\u00e1tica ocasionada por la colocaci\u00f3n de toldos de la cervecera Corona en comercios del centro de la ciudad, por lo que ser\u00e1n suplantados por unos con la estructura y medidas adecuadas.<\/p>\n<p>El director de Obras P\u00fablicas, Jos\u00e9 \u00c1ngel Flores Guti\u00e9rrez, inform\u00f3 que el Ayuntamiento y la Junta, han estado en contacto con la compa\u00f1\u00eda cervecera que coloc\u00f3 los toldos en varios establecimientos del centro de la ciudad, para dar la mejor soluci\u00f3n a la problem\u00e1tica que se deriv\u00f3 en torno a ellos.<\/p>\n<p>Detall\u00f3 que tanto la direcci\u00f3n a su cargo, como regidores comisionados a la imagen urbana del municipio y personal de la Junta, hicieron un recorrido por todos los establecimientos con la intenci\u00f3n de verificar las anomal\u00edas con respecto a los toldos.<\/p>\n<p>Entre ellas se constat\u00f3 que tanto el tono, como la estructura y logotipos, no son los que se acordaron en un principio entre comerciantes, Junta y compa\u00f1\u00eda cervecera.<\/p>\n<p>Los toldos seg\u00fan el reglamento de la Junta, son permitidos en el municipio pero la compa\u00f1\u00eda hizo caso omiso en un principio de la medida debida, por lo que fueron colocados en proporci\u00f3n, color y altura incorrectas, generando conflictos, apunt\u00f3 Flores Guti\u00e9rrez.<\/p>\n<p>Por tal se estableci\u00f3 ya un prototipo fijo y correcto, en el que los nuevos toldos carecer\u00e1n de brazos para no estorbar el paso de peatones, as\u00ed como su imagen cambiar\u00e1 en color y logotipo.<\/p>\n<p>La compa\u00f1\u00eda cervecera est\u00e1 solventando las observaciones, por lo que se espera que en pocos d\u00edas ya comiencen a colocar las estructuras corregidas.<\/p>\n","protected":false},"excerpt":{"rendered":"<p>El Ayuntamiento en conjunto con la Junta de Protecci\u00f3n y Conservaci\u00f3n de Monumentos y Zonas T\u00edpicas del Estado de Zacatecas, resolvi\u00f3 la problem\u00e1tica ocasionada por la colocaci\u00f3n de toldos de la cervecera Corona en comercios del centro de la ciudad, por lo que ser\u00e1n suplantados por unos con la estructura y medidas adecuadas. El director [&hellip;]<\/p>\n","protected":false},"author":7,"featured_media":4568,"comment_status":"closed","ping_status":"closed","sticky":false,"template":"","format":"standard","meta":{"footnotes":""},"categories":[1370],"tags":[1052,26],"class_list":["post-4567","post","type-post","status-publish","format-standard","has-post-thumbnail","hentry","category-jerez","tag-centro-historico","tag-jerez"],"_links":{"self":[{"href":"https:\/\/enconecte.com\/index.php?rest_route=\/wp\/v2\/posts\/4567","targetHints":{"allow":["GET"]}}],"collection":[{"href":"https:\/\/enconecte.com\/index.php?rest_route=\/wp\/v2\/posts"}],"about":[{"href":"https:\/\/enconecte.com\/index.php?rest_route=\/wp\/v2\/types\/post"}],"author":[{"embeddable":true,"href":"https:\/\/enconecte.com\/index.php?rest_route=\/wp\/v2\/users\/7"}],"replies":[{"embeddable":true,"href":"https:\/\/enconecte.com\/index.php?rest_route=%2Fwp%2Fv2%2Fcomments&post=4567"}],"version-history":[{"count":0,"href":"https:\/\/enconecte.com\/index.php?rest_route=\/wp\/v2\/posts\/4567\/revisions"}],"wp:featuredmedia":[{"embeddable":true,"href":"https:\/\/enconecte.com\/index.php?rest_route=\/wp\/v2\/media\/4568"}],"wp:attachment":[{"href":"https:\/\/enconecte.com\/index.php?rest_route=%2Fwp%2Fv2%2Fmedia&parent=4567"}],"wp:term":[{"taxonomy":"category","embeddable":true,"href":"https:\/\/enconecte.com\/index.php?rest_route=%2Fwp%2Fv2%2Fcategories&post=4567"},{"taxonomy":"post_tag","embeddable":true,"href":"https:\/\/enconecte.com\/index.php?rest_route=%2Fwp%2Fv2%2Ftags&post=4567"}],"curies":[{"name":"wp","href":"https:\/\/api.w.org\/{rel}","templated":true}]}}