{"id":4552,"date":"2014-10-20T20:05:17","date_gmt":"2014-10-21T01:05:17","guid":{"rendered":"http:\/\/www.enconecte.com\/?p=4552"},"modified":"2014-11-09T20:29:45","modified_gmt":"2014-11-10T02:29:45","slug":"manana-llega-a-jerez-el-festival-internacional-de-teatro-de-calle","status":"publish","type":"post","link":"https:\/\/enconecte.com\/?p=4552","title":{"rendered":"Ma\u00f1ana llega a Jerez El Festival Internacional de Teatro de Calle"},"content":{"rendered":"<p>Llegar\u00e1 ma\u00f1ana 21 de octubre a Jerez, el Festival Internacional de Teatro de Calle, ofreciendo a la poblaci\u00f3n un programa con eventos atractivos, variados y gratuitos hasta el domingo 26 de octubre.<\/p>\n<p>El Director del Instituto Jerezano de Cultura, Carlos Guillermo Salinas Flores, reiter\u00f3 que el gobierno del alcalde Jos\u00e9 Viramontes Rodarte, busca el enriquecimiento cultural del municipio a trav\u00e9s de la organizaci\u00f3n de eventos atractivos para toda la poblaci\u00f3n y de calidad.<\/p>\n<p>De esta forma el municipio podr\u00e1 disfrutar en la Plaza Tacuba, del Festival Internacional de Teatro de Calle, con la presentaci\u00f3n de eventos gratuitos del 21 al 26 de octubre.<\/p>\n<p>El programa del afamado Teatro de Calle, comenzar\u00e1 ma\u00f1ana martes 21 a las 19:00 horas, con las presentaciones \u201cPasarela\u201d y \u201cFotos del Mundo por el Mundo\u201d.<\/p>\n<p>Continuar\u00e1 el mi\u00e9rcoles 22 con \u201cLa Legendaria Piedra Negra\u201d a las 19:00 horas, y el jueves 23 con \u201cEl Magn\u00edfico Show Glezz\u201d a las 20:00 horas.<\/p>\n<p>El viernes 24 a partir de las 18:00 horas, por las calles del Centro Hist\u00f3rico se efectuar\u00e1 el \u201cTeatro Invisible\u201d Itinerante.<\/p>\n<p>El s\u00e1bado 25 a las 19:00 horas nuevamente en la Plaza Tacuba, se ofrecer\u00e1 el espect\u00e1culo \u201cRigoris Mortis\u201d, y finalmente el domingo 26 de octubre a la misma hora \u201cLa Nave\u201d, cerrando el programa con la presentaci\u00f3n del Maestro Francisco Ram\u00edrez de CONACULTA.<\/p>\n<p>Todas estas presentaciones se llevar\u00e1n a cabo por parte de compa\u00f1\u00edas teatrales internacionales como Claun de Caluns, Cornisa 20, Glenosmit, Ciclos, Leyendas de Zacatecas y Teatro Camale\u00f3n UAZ.<\/p>\n","protected":false},"excerpt":{"rendered":"<p>Llegar\u00e1 ma\u00f1ana 21 de octubre a Jerez, el Festival Internacional de Teatro de Calle, ofreciendo a la poblaci\u00f3n un programa con eventos atractivos, variados y gratuitos hasta el domingo 26 de octubre. El Director del Instituto Jerezano de Cultura, Carlos Guillermo Salinas Flores, reiter\u00f3 que el gobierno del alcalde Jos\u00e9 Viramontes Rodarte, busca el enriquecimiento [&hellip;]<\/p>\n","protected":false},"author":7,"featured_media":4553,"comment_status":"closed","ping_status":"closed","sticky":false,"template":"","format":"standard","meta":{"footnotes":""},"categories":[179],"tags":[26,152],"class_list":["post-4552","post","type-post","status-publish","format-standard","has-post-thumbnail","hentry","category-cultura","tag-jerez","tag-teatro-de-calle"],"_links":{"self":[{"href":"https:\/\/enconecte.com\/index.php?rest_route=\/wp\/v2\/posts\/4552","targetHints":{"allow":["GET"]}}],"collection":[{"href":"https:\/\/enconecte.com\/index.php?rest_route=\/wp\/v2\/posts"}],"about":[{"href":"https:\/\/enconecte.com\/index.php?rest_route=\/wp\/v2\/types\/post"}],"author":[{"embeddable":true,"href":"https:\/\/enconecte.com\/index.php?rest_route=\/wp\/v2\/users\/7"}],"replies":[{"embeddable":true,"href":"https:\/\/enconecte.com\/index.php?rest_route=%2Fwp%2Fv2%2Fcomments&post=4552"}],"version-history":[{"count":0,"href":"https:\/\/enconecte.com\/index.php?rest_route=\/wp\/v2\/posts\/4552\/revisions"}],"wp:featuredmedia":[{"embeddable":true,"href":"https:\/\/enconecte.com\/index.php?rest_route=\/wp\/v2\/media\/4553"}],"wp:attachment":[{"href":"https:\/\/enconecte.com\/index.php?rest_route=%2Fwp%2Fv2%2Fmedia&parent=4552"}],"wp:term":[{"taxonomy":"category","embeddable":true,"href":"https:\/\/enconecte.com\/index.php?rest_route=%2Fwp%2Fv2%2Fcategories&post=4552"},{"taxonomy":"post_tag","embeddable":true,"href":"https:\/\/enconecte.com\/index.php?rest_route=%2Fwp%2Fv2%2Ftags&post=4552"}],"curies":[{"name":"wp","href":"https:\/\/api.w.org\/{rel}","templated":true}]}}