{"id":4539,"date":"2014-10-16T19:49:36","date_gmt":"2014-10-17T00:49:36","guid":{"rendered":"http:\/\/www.enconecte.com\/?p=4539"},"modified":"2015-12-24T19:07:16","modified_gmt":"2015-12-25T01:07:16","slug":"cultura-itinerante-da-inicio-en-la-comunidad-de-lo-de-luna","status":"publish","type":"post","link":"https:\/\/enconecte.com\/?p=4539","title":{"rendered":"Cultura itinerante da inicio en la comunidad de lo de luna"},"content":{"rendered":"<ol>\n<li><strong>Este es el primero de los eventos culturales programados en diferentes comunidades de Jerez<\/strong><\/li>\n<\/ol>\n<p>Cumpliendo el compromiso del alcalde Jos\u00e9 Viramontes Rodarte, de realizar actividades culturales y art\u00edsticas en las comunidades rurales del municipio, dio inicio el programa Cultura Itinerante, con la presentaci\u00f3n de talentos jerezanos en Lo de Luna.<\/p>\n<p>Los habitantes del lugar, acudieron al teatro de la escuela primaria, donde fueron recibidos por el Director del Instituto Jerezano de Cultura, Carlos Guillermo Salinas Flores, quien destac\u00f3 que con este evento se da seguimiento a las instrucciones del alcalde, y que se seguir\u00e1n recorriendo las rancher\u00edas con los programas culturales.<\/p>\n<p>La versatilidad fue plasmada con la presentaci\u00f3n del Ballet Folcl\u00f3rico Telpochcalli coordinado por la maestra Yesenia Viviano, bailando estampas de Sinaloa, Nayarit y Jalisco, seguidos por la presentaci\u00f3n de Imelda Luna Hern\u00e1ndez con cuentacuentos, narrando \u201cEl muerto de la quiligua\u201d as\u00ed como \u201cNo se olviden de los muertos\u201d.<\/p>\n<p>Uno de los momentos m\u00e1s emotivos fue la presentaci\u00f3n Karina Botello y Cecilia Fern\u00e1ndez Franco, j\u00f3venes estudiantes del taller de canto dentro del mismo Instituto, quienes interpretaron \u201cBesos y copas, \u201cEl jinete\u201d, y un popurr\u00ed de Juan Gabriel.<\/p>\n<p>Jennifer de la Cruz Casta\u00f1eda, maestra del lugar, agradeci\u00f3 a nombre de la comunidad la presentaci\u00f3n de Cultura Itinerante que tuvo una excelente respuesta por parte de los espectadores, al tiempo que se llev\u00f3 a cabo un convivio en el que compartieron gastronom\u00eda tradicional elaborada por los habitantes del lugar.<\/p>\n","protected":false},"excerpt":{"rendered":"<p>Este es el primero de los eventos culturales programados en diferentes comunidades de Jerez Cumpliendo el compromiso del alcalde Jos\u00e9 Viramontes Rodarte, de realizar actividades culturales y art\u00edsticas en las comunidades rurales del municipio, dio inicio el programa Cultura Itinerante, con la presentaci\u00f3n de talentos jerezanos en Lo de Luna. Los habitantes del lugar, acudieron [&hellip;]<\/p>\n","protected":false},"author":7,"featured_media":4540,"comment_status":"closed","ping_status":"closed","sticky":false,"template":"","format":"standard","meta":{"footnotes":""},"categories":[179,1370],"tags":[51,26],"class_list":["post-4539","post","type-post","status-publish","format-standard","has-post-thumbnail","hentry","category-cultura","category-jerez","tag-cultura-2","tag-jerez"],"_links":{"self":[{"href":"https:\/\/enconecte.com\/index.php?rest_route=\/wp\/v2\/posts\/4539","targetHints":{"allow":["GET"]}}],"collection":[{"href":"https:\/\/enconecte.com\/index.php?rest_route=\/wp\/v2\/posts"}],"about":[{"href":"https:\/\/enconecte.com\/index.php?rest_route=\/wp\/v2\/types\/post"}],"author":[{"embeddable":true,"href":"https:\/\/enconecte.com\/index.php?rest_route=\/wp\/v2\/users\/7"}],"replies":[{"embeddable":true,"href":"https:\/\/enconecte.com\/index.php?rest_route=%2Fwp%2Fv2%2Fcomments&post=4539"}],"version-history":[{"count":0,"href":"https:\/\/enconecte.com\/index.php?rest_route=\/wp\/v2\/posts\/4539\/revisions"}],"wp:featuredmedia":[{"embeddable":true,"href":"https:\/\/enconecte.com\/index.php?rest_route=\/wp\/v2\/media\/4540"}],"wp:attachment":[{"href":"https:\/\/enconecte.com\/index.php?rest_route=%2Fwp%2Fv2%2Fmedia&parent=4539"}],"wp:term":[{"taxonomy":"category","embeddable":true,"href":"https:\/\/enconecte.com\/index.php?rest_route=%2Fwp%2Fv2%2Fcategories&post=4539"},{"taxonomy":"post_tag","embeddable":true,"href":"https:\/\/enconecte.com\/index.php?rest_route=%2Fwp%2Fv2%2Ftags&post=4539"}],"curies":[{"name":"wp","href":"https:\/\/api.w.org\/{rel}","templated":true}]}}