{"id":4437,"date":"2014-09-23T21:24:01","date_gmt":"2014-09-24T02:24:01","guid":{"rendered":"http:\/\/www.enconecte.com\/?p=4437"},"modified":"2015-01-15T20:07:09","modified_gmt":"2015-01-16T02:07:09","slug":"resultados-satisfactorios-dejo-la-visita-de-la-delegacion-jerezana-a-las-vegas","status":"publish","type":"post","link":"https:\/\/enconecte.com\/?p=4437","title":{"rendered":"Resultados satisfactorios dej\u00f3 la visita de la delegaci\u00f3n jerezana a Las Vegas"},"content":{"rendered":"<ul>\n<li><strong>Se logr\u00f3 un v\u00ednculo estrecho con paisanos y l\u00edderes latinos<\/strong><\/li>\n<li><strong>Jerezanos ganan el primer lugar en el Festival Latino de la entidad norteamericana<\/strong><\/li>\n<\/ul>\n<p>Fueron satisfactorios los resultados de la visita a la ciudad de las Vegas, Nevada, por parte de la delegaci\u00f3n cultural jerezana, colocando al municipio en una mejor posici\u00f3n en el pa\u00eds vecino.<\/p>\n<p>As\u00ed lo notific\u00f3 el director del Instituto Jerezano de Cultura, Carlos Guillermo Salinas Flores, quien destac\u00f3 que se logr\u00f3 un v\u00ednculo estrecho con paisanos y l\u00edderes latinos, y con ello la colocaci\u00f3n de Jerez en otra sinton\u00eda en el vecino pa\u00eds.<\/p>\n<p>Dio a conocer que dicha delegaci\u00f3n integrada por ballet folcl\u00f3rico, m\u00fasicos, floreadores y personal administrativo, dio lo mejor de s\u00ed, raz\u00f3n por la que fue galardonada con el primer lugar en el desfile del Festival Latino de esa entidad norteamericana, entre 74 participantes de varios pa\u00edses de Sudam\u00e9rica.<\/p>\n<p>Detall\u00f3 que durante la ceremonia del grito de Independencia en la ciudad de las luces, se entablaron relaciones con el c\u00f3nsul Juli\u00e1n Adem, el c\u00f3nsul de Asuntos Comunitarios Jorge Elizondo, y un representante de la cadena televisora Mundo Fox, Ernando Amaya.<\/p>\n<p>Tambi\u00e9n fue importante la relaci\u00f3n que se fij\u00f3 con Jes\u00fas M\u00e1rquez, candidato a diputado latino en el distrito de Nevada, el cofundador del Festival Latino, Anastasio del Real, y el senador Roben Kihuen, quienes manifestaron sus deseos de continuar conociendo m\u00e1s a Jerez y a la entidad zacatecana.<\/p>\n<p>El director de Cultura, mencion\u00f3 que ya hay comunicaci\u00f3n y acuerdos para continuar trabajando y compartiendo proyectos con la uni\u00f3n americana, que incluir\u00edan la artesan\u00eda, gastronom\u00eda y literatura del municipio.<\/p>\n","protected":false},"excerpt":{"rendered":"<p>Se logr\u00f3 un v\u00ednculo estrecho con paisanos y l\u00edderes latinos Jerezanos ganan el primer lugar en el Festival Latino de la entidad norteamericana Fueron satisfactorios los resultados de la visita a la ciudad de las Vegas, Nevada, por parte de la delegaci\u00f3n cultural jerezana, colocando al municipio en una mejor posici\u00f3n en el pa\u00eds vecino. [&hellip;]<\/p>\n","protected":false},"author":7,"featured_media":4439,"comment_status":"closed","ping_status":"closed","sticky":false,"template":"","format":"standard","meta":{"footnotes":""},"categories":[179],"tags":[1015],"class_list":["post-4437","post","type-post","status-publish","format-standard","has-post-thumbnail","hentry","category-cultura","tag-ijc"],"_links":{"self":[{"href":"https:\/\/enconecte.com\/index.php?rest_route=\/wp\/v2\/posts\/4437","targetHints":{"allow":["GET"]}}],"collection":[{"href":"https:\/\/enconecte.com\/index.php?rest_route=\/wp\/v2\/posts"}],"about":[{"href":"https:\/\/enconecte.com\/index.php?rest_route=\/wp\/v2\/types\/post"}],"author":[{"embeddable":true,"href":"https:\/\/enconecte.com\/index.php?rest_route=\/wp\/v2\/users\/7"}],"replies":[{"embeddable":true,"href":"https:\/\/enconecte.com\/index.php?rest_route=%2Fwp%2Fv2%2Fcomments&post=4437"}],"version-history":[{"count":0,"href":"https:\/\/enconecte.com\/index.php?rest_route=\/wp\/v2\/posts\/4437\/revisions"}],"wp:featuredmedia":[{"embeddable":true,"href":"https:\/\/enconecte.com\/index.php?rest_route=\/wp\/v2\/media\/4439"}],"wp:attachment":[{"href":"https:\/\/enconecte.com\/index.php?rest_route=%2Fwp%2Fv2%2Fmedia&parent=4437"}],"wp:term":[{"taxonomy":"category","embeddable":true,"href":"https:\/\/enconecte.com\/index.php?rest_route=%2Fwp%2Fv2%2Fcategories&post=4437"},{"taxonomy":"post_tag","embeddable":true,"href":"https:\/\/enconecte.com\/index.php?rest_route=%2Fwp%2Fv2%2Ftags&post=4437"}],"curies":[{"name":"wp","href":"https:\/\/api.w.org\/{rel}","templated":true}]}}