{"id":4412,"date":"2014-09-17T13:43:25","date_gmt":"2014-09-17T18:43:25","guid":{"rendered":"http:\/\/www.enconecte.com\/?p=4412"},"modified":"2015-01-15T20:08:53","modified_gmt":"2015-01-16T02:08:53","slug":"celebran-en-las-vegas-las-fiestas-patrias-mexicanas","status":"publish","type":"post","link":"https:\/\/enconecte.com\/?p=4412","title":{"rendered":"Celebran en Las Vegas las fiestas patrias mexicanas"},"content":{"rendered":"<p>Jerez celebr\u00f3 el grito de independencia en el vecino pa\u00eds, como parte de los festejos patrios de M\u00e9xico y la encomienda de fortalecer el v\u00ednculo cultural entre ambas naciones.<\/p>\n<p>La delegaci\u00f3n jerezana que parti\u00f3 a las Vegas, encabezada por el director del Instituto Jerezano de Cultura, Carlos Guillermo Salinas Flores, se reuni\u00f3 con el consul de M\u00e9xico en las Vegas, Juli\u00e1n Adem D\u00edaz de Le\u00f3n, el senador Ruben Kihuen, as\u00ed como con Jes\u00fas M\u00e1rquez, candidato a diputado por el Tercer Distrito tambi\u00e9n de esa entidad norteamericana, esto con motivo de la celebraci\u00f3n oficial del grito en el consulado mexicano de las Vegas Nevada.<\/p>\n<p>Salinas Flores, despu\u00e9s de varios d\u00edas de presentaciones en el vecino pa\u00eds, se\u00f1al\u00f3 que dicha delegaci\u00f3n jerezana, ha puesto todo su esfuerzo en mostrar lo mejor de las tradiciones mexicanas ante paisanos, latinos y norteamericanos.<\/p>\n<p>Agradeci\u00f3 el caluroso recibimiento en todos los lugares en los que se han presentado, manifestando que con estos eventos se han abierto las puertas para que haya un v\u00ednculo importante de intercambio cultural entra ambos pa\u00edses.<\/p>\n","protected":false},"excerpt":{"rendered":"<p>Jerez celebr\u00f3 el grito de independencia en el vecino pa\u00eds, como parte de los festejos patrios de M\u00e9xico y la encomienda de fortalecer el v\u00ednculo cultural entre ambas naciones. La delegaci\u00f3n jerezana que parti\u00f3 a las Vegas, encabezada por el director del Instituto Jerezano de Cultura, Carlos Guillermo Salinas Flores, se reuni\u00f3 con el consul [&hellip;]<\/p>\n","protected":false},"author":7,"featured_media":4413,"comment_status":"closed","ping_status":"closed","sticky":false,"template":"","format":"standard","meta":{"footnotes":""},"categories":[179],"tags":[1015],"class_list":["post-4412","post","type-post","status-publish","format-standard","has-post-thumbnail","hentry","category-cultura","tag-ijc"],"_links":{"self":[{"href":"https:\/\/enconecte.com\/index.php?rest_route=\/wp\/v2\/posts\/4412","targetHints":{"allow":["GET"]}}],"collection":[{"href":"https:\/\/enconecte.com\/index.php?rest_route=\/wp\/v2\/posts"}],"about":[{"href":"https:\/\/enconecte.com\/index.php?rest_route=\/wp\/v2\/types\/post"}],"author":[{"embeddable":true,"href":"https:\/\/enconecte.com\/index.php?rest_route=\/wp\/v2\/users\/7"}],"replies":[{"embeddable":true,"href":"https:\/\/enconecte.com\/index.php?rest_route=%2Fwp%2Fv2%2Fcomments&post=4412"}],"version-history":[{"count":0,"href":"https:\/\/enconecte.com\/index.php?rest_route=\/wp\/v2\/posts\/4412\/revisions"}],"wp:featuredmedia":[{"embeddable":true,"href":"https:\/\/enconecte.com\/index.php?rest_route=\/wp\/v2\/media\/4413"}],"wp:attachment":[{"href":"https:\/\/enconecte.com\/index.php?rest_route=%2Fwp%2Fv2%2Fmedia&parent=4412"}],"wp:term":[{"taxonomy":"category","embeddable":true,"href":"https:\/\/enconecte.com\/index.php?rest_route=%2Fwp%2Fv2%2Fcategories&post=4412"},{"taxonomy":"post_tag","embeddable":true,"href":"https:\/\/enconecte.com\/index.php?rest_route=%2Fwp%2Fv2%2Ftags&post=4412"}],"curies":[{"name":"wp","href":"https:\/\/api.w.org\/{rel}","templated":true}]}}