{"id":4393,"date":"2014-09-12T17:01:32","date_gmt":"2014-09-12T22:01:32","guid":{"rendered":"http:\/\/www.enconecte.com\/?p=4393"},"modified":"2014-09-13T17:07:57","modified_gmt":"2014-09-13T22:07:57","slug":"jerez-y-su-cultura-presente-en-las-vegas","status":"publish","type":"post","link":"https:\/\/enconecte.com\/?p=4393","title":{"rendered":"Jerez y su cultura presente en Las Vegas"},"content":{"rendered":"<p>La delegaci\u00f3n que parti\u00f3 a las Vegas Nevada con el fin de unificar a paisanos, latinos y norteamericanos entorno a M\u00e9xico, Zacatecas y Jerez, contin\u00faa promocionando la cultura del municipio en el vecino pa\u00eds.<\/p>\n<p>Carlos Salinas Flores, director del Instituto Jerezano de Cultura, se reuni\u00f3 con Jes\u00fas M\u00e1rquez, locutor de radio y candidato a diputado latino en dicha entidad, con la finalidad de fortalecer un v\u00ednculo de colaboraci\u00f3n entre el Ayuntamiento de Jerez y esta ciudad.<\/p>\n<p>En la entrevista de radio, Salinas Flores resalt\u00f3 el gran esfuerzo y apoyo del presidente municipal, Jos\u00e9 Viramontes Rodarte, por realizar este intercambio cultural que permitir\u00e1 acercar a paisanos, latinos y norteamericanos a M\u00e9xico, Zacatecas y Jerez.<\/p>\n<p>Mencion\u00f3 que son importantes este tipo de eventos para fortalecer las ra\u00edces de nuestros paisanos radicados en este pa\u00eds, al mismo tiempo que invit\u00f3 a los radioescuchas que sintonizan la popular cadena radiof\u00f3nica, a participar de las actividades que tendr\u00e1 la delegaci\u00f3n cultural en el estado de Nevada, con motivo de las fiestas patrias mexicanas.<\/p>\n<p>Lupita Fern\u00e1ndez Reina de la Feria de Primavera, acompa\u00f1\u00f3 al director de cultura, donde mencion\u00f3 igualmente la importancia de mostrarles a los j\u00f3venes mexicanos radicados en Estados Unidos, parte del folclor de M\u00e9xico.<\/p>\n<p>Como parte de los temas de trabajo, se acord\u00f3 que se establecer\u00e1 un lazo entre ambas ciudades para que en lo sucesivo, se pueda comenzar con los talleres de sensibilizaci\u00f3n art\u00edstica del Instituto Jerezano de Cultura, en ni\u00f1os y j\u00f3venes de padres Jerezanos establecidos en la ciudad de Las Vegas.<\/p>\n<p>Para finalizar Jes\u00fas M\u00e1rquez, hijo de padres Jerezanos y zacatecano de coraz\u00f3n, salud\u00f3 a los integrantes de la delegaci\u00f3n cultural antes de que salieran a una de sus participaciones, mencionando que desde el congreso buscar\u00e1 apoyar a Jerez, ya que dijo es importante no desprenderse de las ra\u00edces mexicanas para saber en realidad a d\u00f3nde vamos.<\/p>\n<div id='gallery-1' class='gallery galleryid-4393 gallery-columns-3 gallery-size-thumbnail'><figure class='gallery-item'>\n\t\t\t<div class='gallery-icon landscape'>\n\t\t\t\t<a href='https:\/\/enconecte.com\/wp-content\/uploads\/2014\/09\/cultura-las-vegas-jerez.jpg' title=\"\" data-rl_title=\"\" class=\"rl-gallery-link\" data-rl_caption=\"\" data-rel=\"lightbox-gallery-1\"><img loading=\"lazy\" decoding=\"async\" width=\"150\" height=\"150\" src=\"https:\/\/enconecte.com\/wp-content\/uploads\/2014\/09\/cultura-las-vegas-jerez-150x150.jpg\" class=\"attachment-thumbnail size-thumbnail\" alt=\"Jerez y su cultura presente en Las Vegas\" \/><\/a>\n\t\t\t<\/div><\/figure><figure class='gallery-item'>\n\t\t\t<div class='gallery-icon landscape'>\n\t\t\t\t<a href='https:\/\/enconecte.com\/wp-content\/uploads\/2014\/09\/cultura-las-vegas-jerez2.jpg' title=\"\" data-rl_title=\"\" class=\"rl-gallery-link\" data-rl_caption=\"\" data-rel=\"lightbox-gallery-1\"><img loading=\"lazy\" decoding=\"async\" width=\"150\" height=\"150\" src=\"https:\/\/enconecte.com\/wp-content\/uploads\/2014\/09\/cultura-las-vegas-jerez2-150x150.jpg\" class=\"attachment-thumbnail size-thumbnail\" alt=\"Jerez y su cultura presente en Las Vegas\" \/><\/a>\n\t\t\t<\/div><\/figure><figure class='gallery-item'>\n\t\t\t<div class='gallery-icon landscape'>\n\t\t\t\t<a href='https:\/\/enconecte.com\/wp-content\/uploads\/2014\/09\/cultura-las-vegas-jerez3.jpg' title=\"\" data-rl_title=\"\" class=\"rl-gallery-link\" data-rl_caption=\"\" data-rel=\"lightbox-gallery-1\"><img loading=\"lazy\" decoding=\"async\" width=\"150\" height=\"150\" src=\"https:\/\/enconecte.com\/wp-content\/uploads\/2014\/09\/cultura-las-vegas-jerez3-150x150.jpg\" class=\"attachment-thumbnail size-thumbnail\" alt=\"Jerez y su cultura presente en Las Vegas\" \/><\/a>\n\t\t\t<\/div><\/figure>\n\t\t<\/div>\n\n<p>&nbsp;<\/p>\n","protected":false},"excerpt":{"rendered":"<p>La delegaci\u00f3n que parti\u00f3 a las Vegas Nevada con el fin de unificar a paisanos, latinos y norteamericanos entorno a M\u00e9xico, Zacatecas y Jerez, contin\u00faa promocionando la cultura del municipio en el vecino pa\u00eds. Carlos Salinas Flores, director del Instituto Jerezano de Cultura, se reuni\u00f3 con Jes\u00fas M\u00e1rquez, locutor de radio y candidato a diputado [&hellip;]<\/p>\n","protected":false},"author":7,"featured_media":4396,"comment_status":"closed","ping_status":"closed","sticky":false,"template":"","format":"standard","meta":{"footnotes":""},"categories":[179],"tags":[51,1015,26],"class_list":["post-4393","post","type-post","status-publish","format-standard","has-post-thumbnail","hentry","category-cultura","tag-cultura-2","tag-ijc","tag-jerez"],"_links":{"self":[{"href":"https:\/\/enconecte.com\/index.php?rest_route=\/wp\/v2\/posts\/4393","targetHints":{"allow":["GET"]}}],"collection":[{"href":"https:\/\/enconecte.com\/index.php?rest_route=\/wp\/v2\/posts"}],"about":[{"href":"https:\/\/enconecte.com\/index.php?rest_route=\/wp\/v2\/types\/post"}],"author":[{"embeddable":true,"href":"https:\/\/enconecte.com\/index.php?rest_route=\/wp\/v2\/users\/7"}],"replies":[{"embeddable":true,"href":"https:\/\/enconecte.com\/index.php?rest_route=%2Fwp%2Fv2%2Fcomments&post=4393"}],"version-history":[{"count":0,"href":"https:\/\/enconecte.com\/index.php?rest_route=\/wp\/v2\/posts\/4393\/revisions"}],"wp:featuredmedia":[{"embeddable":true,"href":"https:\/\/enconecte.com\/index.php?rest_route=\/wp\/v2\/media\/4396"}],"wp:attachment":[{"href":"https:\/\/enconecte.com\/index.php?rest_route=%2Fwp%2Fv2%2Fmedia&parent=4393"}],"wp:term":[{"taxonomy":"category","embeddable":true,"href":"https:\/\/enconecte.com\/index.php?rest_route=%2Fwp%2Fv2%2Fcategories&post=4393"},{"taxonomy":"post_tag","embeddable":true,"href":"https:\/\/enconecte.com\/index.php?rest_route=%2Fwp%2Fv2%2Ftags&post=4393"}],"curies":[{"name":"wp","href":"https:\/\/api.w.org\/{rel}","templated":true}]}}