{"id":4333,"date":"2014-09-02T18:20:21","date_gmt":"2014-09-02T23:20:21","guid":{"rendered":"http:\/\/www.enconecte.com\/?p=4333"},"modified":"2014-09-02T23:24:38","modified_gmt":"2014-09-03T04:24:38","slug":"inician-inscripciones-de-los-talleres-ordinarios-del-ijc","status":"publish","type":"post","link":"https:\/\/enconecte.com\/?p=4333","title":{"rendered":"Inician inscripciones de los talleres ordinarios del IJC"},"content":{"rendered":"<ul>\n<li><strong>Del 1 al 5 de septiembre<\/strong><\/li>\n<\/ul>\n<p>Comenzaron las inscripciones del curso ordinario de los Talleres de Iniciaci\u00f3n Art\u00edstica del Instituto Jerezano de Cultura, por lo que el Ayuntamiento invita a ni\u00f1os y a j\u00f3venes a hacer uso de esta gama de opciones que les ofrece para su desarrollo integral.<\/p>\n<p>El director del Instituto, Carlos Guillermo Salinas Flores, inform\u00f3 que con el prop\u00f3sito de aportar al desarrollo integral de ni\u00f1os y j\u00f3venes jerezanos, el gobierno municipal pondr\u00e1 a su disposici\u00f3n una rica gama de talleres art\u00edsticos y culturales.<\/p>\n<p>Los talleres que se estar\u00e1n brindando abarcan Pintura al Oleo, Artes Pl\u00e1sticas, Guitarra Popular, Sensibilizaci\u00f3n Art\u00edstica, Ingl\u00e9s B\u00e1sico, Karate Shoto Kan, Danza Cl\u00e1sica y Jazz, Teatro Infantil, Ballet Folcl\u00f3rico, Dibujo art\u00edstico y Artes Esc\u00e9nicas<\/p>\n<p>Las inscripciones para dichos talleres ser\u00e1n del 1 al 5 de este mes en el propio IJC, ubicado en calle Reforma n\u00famero 42, Centro, con un costo de 150 pesos.<\/p>\n<p>El curso ordinario de los talleres, que ser\u00e1 destinado a ni\u00f1os y j\u00f3venes de 6 a 14 a\u00f1os, abarcar\u00e1 de septiembre de 2014 a enero de 2015, y el inicio de clases ser\u00e1 el lunes 8 de septiembre.<\/p>\n<p>Los interesados podr\u00e1n obtener mayores informes en el IJC, o en los n\u00fameros telef\u00f3nicos 945 62 61 y 945 67 03.<\/p>\n<figure id=\"attachment_4334\" aria-describedby=\"caption-attachment-4334\" style=\"width: 657px\" class=\"wp-caption alignleft\"><a  href=\"http:\/\/www.enconecte.com\/wp-content\/uploads\/2014\/09\/talleres-ijc-jerez.jpg\" data-rel=\"lightbox-gallery-0\" data-rl_title=\"\" data-rl_caption=\"\" title=\"\"><img loading=\"lazy\" decoding=\"async\" class=\"size-full wp-image-4334\" src=\"http:\/\/www.enconecte.com\/wp-content\/uploads\/2014\/09\/talleres-ijc-jerez.jpg\" alt=\"Inician inscripciones de los talleres ordinarios del IJC\" width=\"657\" height=\"1024\" \/><\/a><figcaption id=\"caption-attachment-4334\" class=\"wp-caption-text\">Inician inscripciones de los talleres ordinarios del IJC<\/figcaption><\/figure>\n","protected":false},"excerpt":{"rendered":"<p>Del 1 al 5 de septiembre Comenzaron las inscripciones del curso ordinario de los Talleres de Iniciaci\u00f3n Art\u00edstica del Instituto Jerezano de Cultura, por lo que el Ayuntamiento invita a ni\u00f1os y a j\u00f3venes a hacer uso de esta gama de opciones que les ofrece para su desarrollo integral. El director del Instituto, Carlos Guillermo [&hellip;]<\/p>\n","protected":false},"author":7,"featured_media":4334,"comment_status":"closed","ping_status":"closed","sticky":false,"template":"","format":"standard","meta":{"footnotes":""},"categories":[179],"tags":[51,1015,26],"class_list":["post-4333","post","type-post","status-publish","format-standard","has-post-thumbnail","hentry","category-cultura","tag-cultura-2","tag-ijc","tag-jerez"],"_links":{"self":[{"href":"https:\/\/enconecte.com\/index.php?rest_route=\/wp\/v2\/posts\/4333","targetHints":{"allow":["GET"]}}],"collection":[{"href":"https:\/\/enconecte.com\/index.php?rest_route=\/wp\/v2\/posts"}],"about":[{"href":"https:\/\/enconecte.com\/index.php?rest_route=\/wp\/v2\/types\/post"}],"author":[{"embeddable":true,"href":"https:\/\/enconecte.com\/index.php?rest_route=\/wp\/v2\/users\/7"}],"replies":[{"embeddable":true,"href":"https:\/\/enconecte.com\/index.php?rest_route=%2Fwp%2Fv2%2Fcomments&post=4333"}],"version-history":[{"count":0,"href":"https:\/\/enconecte.com\/index.php?rest_route=\/wp\/v2\/posts\/4333\/revisions"}],"wp:featuredmedia":[{"embeddable":true,"href":"https:\/\/enconecte.com\/index.php?rest_route=\/wp\/v2\/media\/4334"}],"wp:attachment":[{"href":"https:\/\/enconecte.com\/index.php?rest_route=%2Fwp%2Fv2%2Fmedia&parent=4333"}],"wp:term":[{"taxonomy":"category","embeddable":true,"href":"https:\/\/enconecte.com\/index.php?rest_route=%2Fwp%2Fv2%2Fcategories&post=4333"},{"taxonomy":"post_tag","embeddable":true,"href":"https:\/\/enconecte.com\/index.php?rest_route=%2Fwp%2Fv2%2Ftags&post=4333"}],"curies":[{"name":"wp","href":"https:\/\/api.w.org\/{rel}","templated":true}]}}