{"id":3867,"date":"2014-06-11T16:30:04","date_gmt":"2014-06-11T21:30:04","guid":{"rendered":"http:\/\/www.enconecte.com\/?p=3867"},"modified":"2015-01-15T20:28:13","modified_gmt":"2015-01-16T02:28:13","slug":"se-suma-zacatecas-a-campana-nacional-de-promocion-turistica","status":"publish","type":"post","link":"https:\/\/enconecte.com\/?p=3867","title":{"rendered":"Se suma Zacatecas a campa\u00f1a nacional de promoci\u00f3n tur\u00edstica"},"content":{"rendered":"<ul style=\"color: #000000;\">\n<li class=\"first-child\"><strong>Acude MAR a la presentaci\u00f3n de la estrategia nacional de la industria sin chimeneas<\/strong><\/li>\n<li class=\"last-child\"><strong>El evento fue presidido por el Presidente de M\u00e9xico Enrique Pe\u00f1a Nieto<\/strong><\/li>\n<\/ul>\n<p style=\"color: #000000;\"><em><strong>Ciudad de M\u00e9xico, D.F.-<\/strong><\/em>\u00a0Zacatecas se suma a la campa\u00f1a nacional de Promoci\u00f3n Tur\u00edstica \u201cV\u00edvelo para creerlo\u201d, con la elaboraci\u00f3n de la agenda de competitividad cuyo objetivo es impulsar la innovaci\u00f3n y fortalecer la oferta en cada una de las localidades.<\/p>\n<p style=\"color: #000000;\">El Gobernador Miguel Alonso Reyes asisti\u00f3 con el Presidente de la Rep\u00fablica, Enrique Pe\u00f1a Nieto, a la presentaci\u00f3n de los 44 proyectos prioritarios en las 32 entidades del pa\u00eds que beneficiar\u00e1n a m\u00e1s de 31 millones de personas.<\/p>\n<p style=\"color: #000000;\">Alonso Reyes reiter\u00f3 su compromiso de trabajar de manera coordinada con la federaci\u00f3n a fin de consolidar a Zacatecas como el destino cultural por excelencia de M\u00e9xico y para promover los cinco pueblos m\u00e1gicos de la entidad.<\/p>\n<p style=\"color: #000000;\">Entre otros destinos incluidos en este proyecto destacan Acapulco, Aguascalientes, Ciudad Ju\u00e1rez, Campeche, Canc\u00fan, Chalma, Ciudad de M\u00e9xico, Cozumel, Cuernavaca, Durango, Ensenada, Guadalajara, Guanajuato, Hermosillo, Huatulco, Ixtapa-Zihuatanejo, Ixtapan de la Sal, Le\u00f3n, Los Cabos, Manzanillo, Mazatl\u00e1n, Puerto Vallarta, Quer\u00e9taro, Riviera Maya, San Juan de Los Lagos, San Miguel de Allende, Tijuana, Tlacotalpan, Tlaxcala y Veracruz-Boca del R\u00edo.<\/p>\n<p style=\"color: #000000;\">Al evento acudieron gobernadores de todos los estados del pa\u00eds y funcionarios del Gabinete Federal.<\/p>\n","protected":false},"excerpt":{"rendered":"<p>Acude MAR a la presentaci\u00f3n de la estrategia nacional de la industria sin chimeneas El evento fue presidido por el Presidente de M\u00e9xico Enrique Pe\u00f1a Nieto Ciudad de M\u00e9xico, D.F.-\u00a0Zacatecas se suma a la campa\u00f1a nacional de Promoci\u00f3n Tur\u00edstica \u201cV\u00edvelo para creerlo\u201d, con la elaboraci\u00f3n de la agenda de competitividad cuyo objetivo es impulsar la [&hellip;]<\/p>\n","protected":false},"author":7,"featured_media":3868,"comment_status":"closed","ping_status":"closed","sticky":false,"template":"","format":"standard","meta":{"footnotes":""},"categories":[317],"tags":[943,46],"class_list":["post-3867","post","type-post","status-publish","format-standard","has-post-thumbnail","hentry","category-nacionales","tag-miguel-alonso","tag-turismo"],"_links":{"self":[{"href":"https:\/\/enconecte.com\/index.php?rest_route=\/wp\/v2\/posts\/3867","targetHints":{"allow":["GET"]}}],"collection":[{"href":"https:\/\/enconecte.com\/index.php?rest_route=\/wp\/v2\/posts"}],"about":[{"href":"https:\/\/enconecte.com\/index.php?rest_route=\/wp\/v2\/types\/post"}],"author":[{"embeddable":true,"href":"https:\/\/enconecte.com\/index.php?rest_route=\/wp\/v2\/users\/7"}],"replies":[{"embeddable":true,"href":"https:\/\/enconecte.com\/index.php?rest_route=%2Fwp%2Fv2%2Fcomments&post=3867"}],"version-history":[{"count":0,"href":"https:\/\/enconecte.com\/index.php?rest_route=\/wp\/v2\/posts\/3867\/revisions"}],"wp:featuredmedia":[{"embeddable":true,"href":"https:\/\/enconecte.com\/index.php?rest_route=\/wp\/v2\/media\/3868"}],"wp:attachment":[{"href":"https:\/\/enconecte.com\/index.php?rest_route=%2Fwp%2Fv2%2Fmedia&parent=3867"}],"wp:term":[{"taxonomy":"category","embeddable":true,"href":"https:\/\/enconecte.com\/index.php?rest_route=%2Fwp%2Fv2%2Fcategories&post=3867"},{"taxonomy":"post_tag","embeddable":true,"href":"https:\/\/enconecte.com\/index.php?rest_route=%2Fwp%2Fv2%2Ftags&post=3867"}],"curies":[{"name":"wp","href":"https:\/\/api.w.org\/{rel}","templated":true}]}}