{"id":26426,"date":"2026-03-12T22:41:42","date_gmt":"2026-03-13T04:41:42","guid":{"rendered":"https:\/\/enconecte.com\/?p=26426"},"modified":"2026-03-12T22:41:42","modified_gmt":"2026-03-13T04:41:42","slug":"rodrigo-ureno-promueve-la-feria-de-la-primavera-2026-con-gira-de-medios-en-municipios-del-sur-del-estado","status":"publish","type":"post","link":"https:\/\/enconecte.com\/?p=26426","title":{"rendered":"RODRIGO URE\u00d1O PROMUEVE LA FERIA DE LA PRIMAVERA 2026 CON GIRA DE MEDIOS EN MUNICIPIOS DEL SUR DEL ESTADO"},"content":{"rendered":"<ul>\n<li><strong>El alcalde encabeza agenda de medios para invitar a la regi\u00f3n a vivir una de las celebraciones m\u00e1s representativas de Zacatecas<\/strong><\/li>\n<\/ul>\n<p><strong>Jalpa, Zac.-<\/strong> El presidente municipal de Jerez, Rodrigo Ure\u00f1o Ba\u00f1uelos, acompa\u00f1ado por Aranza, Andrea y Ariadna, candidatas a Reina de la Feria de la Primavera Jerez 2026, as\u00ed como por Alan L\u00f3pez D\u00e1vila, presidente del Comit\u00e9 de Feria, realiz\u00f3 una agenda de medios en distintos municipios del sur del estado con el objetivo de promocionar la pr\u00f3xima edici\u00f3n de la Feria de la Primavera, que se celebrar\u00e1 del 1 al 13 de abril.<\/p>\n<p>Durante las entrevistas y encuentros con medios de comunicaci\u00f3n, el alcalde destac\u00f3 que la Feria de la Primavera es una de las festividades m\u00e1s importantes de la regi\u00f3n, al conjugar tradiciones, cultura, m\u00fasica y convivencia familiar, por lo que extendi\u00f3 una invitaci\u00f3n a visitantes de todo el estado y del pa\u00eds para disfrutar de esta gran celebraci\u00f3n jerezana.<\/p>\n<p><a  href=\"https:\/\/enconecte.com\/wp-content\/uploads\/2026\/03\/WhatsApp-Image-2026-03-12-at-7.52.26-PM.jpeg\" data-rel=\"lightbox-gallery-0\" data-rl_title=\"\" data-rl_caption=\"\" title=\"\"><img loading=\"lazy\" decoding=\"async\" class=\"alignleft size-medium wp-image-26427\" src=\"https:\/\/enconecte.com\/wp-content\/uploads\/2026\/03\/WhatsApp-Image-2026-03-12-at-7.52.26-PM-300x200.jpeg\" alt=\"\" width=\"300\" height=\"200\" srcset=\"https:\/\/enconecte.com\/wp-content\/uploads\/2026\/03\/WhatsApp-Image-2026-03-12-at-7.52.26-PM-300x200.jpeg 300w, https:\/\/enconecte.com\/wp-content\/uploads\/2026\/03\/WhatsApp-Image-2026-03-12-at-7.52.26-PM-1024x682.jpeg 1024w, https:\/\/enconecte.com\/wp-content\/uploads\/2026\/03\/WhatsApp-Image-2026-03-12-at-7.52.26-PM-768x512.jpeg 768w, https:\/\/enconecte.com\/wp-content\/uploads\/2026\/03\/WhatsApp-Image-2026-03-12-at-7.52.26-PM-1536x1023.jpeg 1536w, https:\/\/enconecte.com\/wp-content\/uploads\/2026\/03\/WhatsApp-Image-2026-03-12-at-7.52.26-PM.jpeg 1600w\" sizes=\"auto, (max-width: 300px) 100vw, 300px\" \/><\/a>Entre los eventos m\u00e1s emblem\u00e1ticos, resalt\u00f3 el S\u00e1bado de Gloria, que cada a\u00f1o re\u00fane a miles de personas en el coraz\u00f3n del municipio con sus tradicionales tapancos, cabalgantes y la Quema de Judas, una de las expresiones m\u00e1s representativas de la identidad y tradici\u00f3n de Jerez.<\/p>\n<p>Asimismo, se inform\u00f3 que el Teatro del Pueblo contar\u00e1 con la participaci\u00f3n de importantes agrupaciones del regional mexicano, entre ellas La Arrolladora Banda El Lim\u00f3n, Marco Flores y La Banda Jerez, Liberaci\u00f3n, Conjunto Primavera, Virl\u00e1n Garc\u00eda, La Corona del Rey, adem\u00e1s de espect\u00e1culos como Capibaras Tour y Generaci\u00f3n R, con los que se busca ofrecer una experiencia atractiva para todos los p\u00fablicos y superar la cifra de m\u00e1s de 300 mil asistentes registrada el a\u00f1o pasado.<\/p>\n<p>Por su parte, las candidatas Aranza, Andrea y Ariadna aprovecharon los espacios para invitar a la ciudadan\u00eda a participar en las actividades previas a la coronaci\u00f3n, entre las que destacan la Cabalgata Charra, programada para el 15 de marzo, La Tarde de Princesas, el 21 de marzo, y el Gran Sorteo, que se realizar\u00e1 el 29 de marzo.<\/p>\n<p>Finalmente, el presidente municipal agradeci\u00f3 a los medios de comunicaci\u00f3n que abrieron sus espacios para difundir esta celebraci\u00f3n, as\u00ed como a los presidentes municipales Adolfo Cort\u00e9s, de Tepechitl\u00e1n; Olegario Viramontes, de Jalpa; Julieta Camacho, de Huanusco; y Carlos Vera, de Tabasco, por su respaldo, colaboraci\u00f3n y hospitalidad durante esta gira de promoci\u00f3n regional.<\/p>\n","protected":false},"excerpt":{"rendered":"<p>El alcalde encabeza agenda de medios para invitar a la regi\u00f3n a vivir una de las celebraciones m\u00e1s representativas de Zacatecas Jalpa, Zac.- El presidente municipal de Jerez, Rodrigo Ure\u00f1o Ba\u00f1uelos, acompa\u00f1ado por Aranza, Andrea y Ariadna, candidatas a Reina de la Feria de la Primavera Jerez 2026, as\u00ed como por Alan L\u00f3pez D\u00e1vila, presidente [&hellip;]<\/p>\n","protected":false},"author":9,"featured_media":26428,"comment_status":"closed","ping_status":"closed","sticky":false,"template":"","format":"standard","meta":{"footnotes":""},"categories":[1370],"tags":[],"class_list":["post-26426","post","type-post","status-publish","format-standard","has-post-thumbnail","hentry","category-jerez"],"_links":{"self":[{"href":"https:\/\/enconecte.com\/index.php?rest_route=\/wp\/v2\/posts\/26426","targetHints":{"allow":["GET"]}}],"collection":[{"href":"https:\/\/enconecte.com\/index.php?rest_route=\/wp\/v2\/posts"}],"about":[{"href":"https:\/\/enconecte.com\/index.php?rest_route=\/wp\/v2\/types\/post"}],"author":[{"embeddable":true,"href":"https:\/\/enconecte.com\/index.php?rest_route=\/wp\/v2\/users\/9"}],"replies":[{"embeddable":true,"href":"https:\/\/enconecte.com\/index.php?rest_route=%2Fwp%2Fv2%2Fcomments&post=26426"}],"version-history":[{"count":0,"href":"https:\/\/enconecte.com\/index.php?rest_route=\/wp\/v2\/posts\/26426\/revisions"}],"wp:featuredmedia":[{"embeddable":true,"href":"https:\/\/enconecte.com\/index.php?rest_route=\/wp\/v2\/media\/26428"}],"wp:attachment":[{"href":"https:\/\/enconecte.com\/index.php?rest_route=%2Fwp%2Fv2%2Fmedia&parent=26426"}],"wp:term":[{"taxonomy":"category","embeddable":true,"href":"https:\/\/enconecte.com\/index.php?rest_route=%2Fwp%2Fv2%2Fcategories&post=26426"},{"taxonomy":"post_tag","embeddable":true,"href":"https:\/\/enconecte.com\/index.php?rest_route=%2Fwp%2Fv2%2Ftags&post=26426"}],"curies":[{"name":"wp","href":"https:\/\/api.w.org\/{rel}","templated":true}]}}