{"id":26417,"date":"2026-03-12T22:38:01","date_gmt":"2026-03-13T04:38:01","guid":{"rendered":"https:\/\/enconecte.com\/?p=26417"},"modified":"2026-03-12T22:38:01","modified_gmt":"2026-03-13T04:38:01","slug":"rodrigo-ureno-promociona-la-feria-de-la-primavera-2026-en-los-canones","status":"publish","type":"post","link":"https:\/\/enconecte.com\/?p=26417","title":{"rendered":"RODRIGO URE\u00d1O PROMOCIONA LA FERIA DE LA PRIMAVERA 2026 EN LOS CA\u00d1ONES"},"content":{"rendered":"<ul>\n<li><strong>Junto a las candidatas Aranza, Andrea y Ariadna presentan la m\u00e1xima fiesta de los jerezanos en rueda de prensa regional<\/strong><\/li>\n<\/ul>\n<p><strong>Jalpa, Zac.-<\/strong> El presidente municipal de Rodrigo Ure\u00f1o Ba\u00f1uelos, acompa\u00f1ado por el presidente del Comit\u00e9 de Feria, Alan L\u00f3pez D\u00e1vila, as\u00ed como por las candidatas a Reina de la Feria de la Primavera Jerez 2026 Aranza, Andrea y Ariadna, encabez\u00f3 una rueda de prensa en la Presidencia Municipal de Jalpa para promover<strong> la Feria de la Primavera Jerez 2026, que se celebrar\u00e1 del 1 al 13 de abri<\/strong>l.<\/p>\n<p>Durante el encuentro con medios de comunicaci\u00f3n, el alcalde agradeci\u00f3 la difusi\u00f3n y el respaldo que brindan los medios informativos para proyectar esta celebraci\u00f3n, as\u00ed como el apoyo de los ediles que se han sumado a la promoci\u00f3n de esta importante festividad regional. En ese sentido, reconoci\u00f3 la colaboraci\u00f3n de Adolfo Cort\u00e9s, presidente municipal de Tepechitl\u00e1n; Carlos Vera, alcalde de Tabasco; y especialmente de Olegario Viramontes, presidente municipal de Jalpa, por abrir espacios para difundir la feria y fortalecer la cooperaci\u00f3n entre municipios.<\/p>\n<p><a  href=\"https:\/\/enconecte.com\/wp-content\/uploads\/2026\/03\/WhatsApp-Image-2026-03-12-at-12.54.54-PM.jpeg\" data-rel=\"lightbox-gallery-0\" data-rl_title=\"\" data-rl_caption=\"\" title=\"\"><img loading=\"lazy\" decoding=\"async\" class=\"alignleft size-medium wp-image-26419\" src=\"https:\/\/enconecte.com\/wp-content\/uploads\/2026\/03\/WhatsApp-Image-2026-03-12-at-12.54.54-PM-300x200.jpeg\" alt=\"\" width=\"300\" height=\"200\" srcset=\"https:\/\/enconecte.com\/wp-content\/uploads\/2026\/03\/WhatsApp-Image-2026-03-12-at-12.54.54-PM-300x200.jpeg 300w, https:\/\/enconecte.com\/wp-content\/uploads\/2026\/03\/WhatsApp-Image-2026-03-12-at-12.54.54-PM-1024x683.jpeg 1024w, https:\/\/enconecte.com\/wp-content\/uploads\/2026\/03\/WhatsApp-Image-2026-03-12-at-12.54.54-PM-768x512.jpeg 768w, https:\/\/enconecte.com\/wp-content\/uploads\/2026\/03\/WhatsApp-Image-2026-03-12-at-12.54.54-PM.jpeg 1280w\" sizes=\"auto, (max-width: 300px) 100vw, 300px\" \/><\/a>El presidente municipal destac\u00f3 que la Feria de la Primavera contar\u00e1 con un amplio programa musical, deportivo, cultural, agropecuario y taurino, pensado para el disfrute de las familias jerezanas y visitantes. Por su parte, el titular del Comit\u00e9 de Feria, Alan L\u00f3pez D\u00e1vila, mencion\u00f3 que adem\u00e1s de la participaci\u00f3n de artistas de talla nacional, tambi\u00e9n se contemplan espacios importantes para impulsar el talento local, brindando oportunidad a agrupaciones y artistas del municipio.<\/p>\n<p>Durante la rueda de prensa, las candidatas Aranza, Andrea y Ariadna invitaron a la ciudadan\u00eda a sumarse a las actividades programadas rumbo a la coronaci\u00f3n, entre ellas la Cabalgata Charra del 15 de marzo, La Tarde de Princesas el 21 de marzo y el Sorteo el 29 de marzo, eventos que forman parte del ambiente previo a la gran celebraci\u00f3n.<\/p>\n<p>Finalmente, Rodrigo Ure\u00f1o Ba\u00f1uelos extendi\u00f3 la invitaci\u00f3n a zacatecanos de todos los municipios, turistas nacionales y a la comunidad migrante para que visiten Jerez y disfruten de una de sus tradiciones m\u00e1s emblem\u00e1ticas: el S\u00e1bado de Gloria, con sus tradicionales tapancos, cabalgantes y la Quema de Judas. Se\u00f1al\u00f3 que el objetivo es cumplir con las expectativas de las y los jerezanos, ofrecer una gran experiencia a los visitantes y superar la cifra de m\u00e1s de 300 mil asistentes registrada el a\u00f1o pasado, consolidando as\u00ed a la Feria de la Primavera como uno de los eventos m\u00e1s importantes del estado.<\/p>\n","protected":false},"excerpt":{"rendered":"<p>Junto a las candidatas Aranza, Andrea y Ariadna presentan la m\u00e1xima fiesta de los jerezanos en rueda de prensa regional Jalpa, Zac.- El presidente municipal de Rodrigo Ure\u00f1o Ba\u00f1uelos, acompa\u00f1ado por el presidente del Comit\u00e9 de Feria, Alan L\u00f3pez D\u00e1vila, as\u00ed como por las candidatas a Reina de la Feria de la Primavera Jerez 2026 [&hellip;]<\/p>\n","protected":false},"author":9,"featured_media":26418,"comment_status":"closed","ping_status":"closed","sticky":false,"template":"","format":"standard","meta":{"footnotes":""},"categories":[1370],"tags":[],"class_list":["post-26417","post","type-post","status-publish","format-standard","has-post-thumbnail","hentry","category-jerez"],"_links":{"self":[{"href":"https:\/\/enconecte.com\/index.php?rest_route=\/wp\/v2\/posts\/26417","targetHints":{"allow":["GET"]}}],"collection":[{"href":"https:\/\/enconecte.com\/index.php?rest_route=\/wp\/v2\/posts"}],"about":[{"href":"https:\/\/enconecte.com\/index.php?rest_route=\/wp\/v2\/types\/post"}],"author":[{"embeddable":true,"href":"https:\/\/enconecte.com\/index.php?rest_route=\/wp\/v2\/users\/9"}],"replies":[{"embeddable":true,"href":"https:\/\/enconecte.com\/index.php?rest_route=%2Fwp%2Fv2%2Fcomments&post=26417"}],"version-history":[{"count":0,"href":"https:\/\/enconecte.com\/index.php?rest_route=\/wp\/v2\/posts\/26417\/revisions"}],"wp:featuredmedia":[{"embeddable":true,"href":"https:\/\/enconecte.com\/index.php?rest_route=\/wp\/v2\/media\/26418"}],"wp:attachment":[{"href":"https:\/\/enconecte.com\/index.php?rest_route=%2Fwp%2Fv2%2Fmedia&parent=26417"}],"wp:term":[{"taxonomy":"category","embeddable":true,"href":"https:\/\/enconecte.com\/index.php?rest_route=%2Fwp%2Fv2%2Fcategories&post=26417"},{"taxonomy":"post_tag","embeddable":true,"href":"https:\/\/enconecte.com\/index.php?rest_route=%2Fwp%2Fv2%2Ftags&post=26417"}],"curies":[{"name":"wp","href":"https:\/\/api.w.org\/{rel}","templated":true}]}}