{"id":26414,"date":"2026-03-12T22:37:11","date_gmt":"2026-03-13T04:37:11","guid":{"rendered":"https:\/\/enconecte.com\/?p=26414"},"modified":"2026-03-12T22:37:11","modified_gmt":"2026-03-13T04:37:11","slug":"orientadoras-de-caics-del-dif-municipal-se-capacitan-para-el-bienestar-de-sus-alumnos","status":"publish","type":"post","link":"https:\/\/enconecte.com\/?p=26414","title":{"rendered":"ORIENTADORAS DE CAICS DEL DIF MUNICIPAL SE CAPACITAN PARA EL BIENESTAR DE SUS ALUMNOS"},"content":{"rendered":"<p><a  href=\"https:\/\/enconecte.com\/wp-content\/uploads\/2026\/03\/WhatsApp-Image-2026-03-12-at-10.30.56-AM.jpeg\" data-rel=\"lightbox-gallery-0\" data-rl_title=\"\" data-rl_caption=\"\" title=\"\"><img loading=\"lazy\" decoding=\"async\" class=\"alignleft size-medium wp-image-26415\" src=\"https:\/\/enconecte.com\/wp-content\/uploads\/2026\/03\/WhatsApp-Image-2026-03-12-at-10.30.56-AM-300x200.jpeg\" alt=\"\" width=\"300\" height=\"200\" srcset=\"https:\/\/enconecte.com\/wp-content\/uploads\/2026\/03\/WhatsApp-Image-2026-03-12-at-10.30.56-AM-300x200.jpeg 300w, https:\/\/enconecte.com\/wp-content\/uploads\/2026\/03\/WhatsApp-Image-2026-03-12-at-10.30.56-AM-1024x682.jpeg 1024w, https:\/\/enconecte.com\/wp-content\/uploads\/2026\/03\/WhatsApp-Image-2026-03-12-at-10.30.56-AM-768x512.jpeg 768w, https:\/\/enconecte.com\/wp-content\/uploads\/2026\/03\/WhatsApp-Image-2026-03-12-at-10.30.56-AM-1536x1023.jpeg 1536w, https:\/\/enconecte.com\/wp-content\/uploads\/2026\/03\/WhatsApp-Image-2026-03-12-at-10.30.56-AM.jpeg 1600w\" sizes=\"auto, (max-width: 300px) 100vw, 300px\" \/><\/a>Con el prop\u00f3sito de que los Centros de Atenci\u00f3n Comunitaria (CAIC) del DIF Municipal, est\u00e9n preparados para brindar atenci\u00f3n de calidad a los alumnos de nivel preescolar que acuden a ellos, sus orientadoras fueron capacitadas por la subdirecci\u00f3n de Atenci\u00f3n a Grupos Vulnerables y Desarrollo Familiar del SEDIF.<\/p>\n<p>Con enfoque en el programa Club de Salud del Ni\u00f1o, las docentes adquirieron y complementaron conocimientos referentes al cuidado esencial de los infantes desde temprana edad, acordando llevar a cabo acciones sanitarias, culturales, recreativas y de bienestar social, que logren su pleno desarrollo durante esta importante etapa de su vida y su educaci\u00f3n.<\/p>\n<p>Educadoras de los 10 CAIC de Jerez acudieron a esta oportunidad de instrumentaci\u00f3n, que les ser\u00e1 de gran utilidad en la ense\u00f1anza acad\u00e9mica de peque\u00f1os de 3 a 5 a\u00f1os que habitan en las comunidades de La Orde\u00f1a, San Cayetano, Los Rodarte, El Porvenir, Los Mota, Plan de Carrillo, Santa Fe, El Huejote, Tetillas y San Isidro del Salto.<\/p>\n","protected":false},"excerpt":{"rendered":"<p>Con el prop\u00f3sito de que los Centros de Atenci\u00f3n Comunitaria (CAIC) del DIF Municipal, est\u00e9n preparados para brindar atenci\u00f3n de calidad a los alumnos de nivel preescolar que acuden a ellos, sus orientadoras fueron capacitadas por la subdirecci\u00f3n de Atenci\u00f3n a Grupos Vulnerables y Desarrollo Familiar del SEDIF. Con enfoque en el programa Club de [&hellip;]<\/p>\n","protected":false},"author":9,"featured_media":26416,"comment_status":"closed","ping_status":"closed","sticky":false,"template":"","format":"standard","meta":{"footnotes":""},"categories":[1370],"tags":[],"class_list":["post-26414","post","type-post","status-publish","format-standard","has-post-thumbnail","hentry","category-jerez"],"_links":{"self":[{"href":"https:\/\/enconecte.com\/index.php?rest_route=\/wp\/v2\/posts\/26414","targetHints":{"allow":["GET"]}}],"collection":[{"href":"https:\/\/enconecte.com\/index.php?rest_route=\/wp\/v2\/posts"}],"about":[{"href":"https:\/\/enconecte.com\/index.php?rest_route=\/wp\/v2\/types\/post"}],"author":[{"embeddable":true,"href":"https:\/\/enconecte.com\/index.php?rest_route=\/wp\/v2\/users\/9"}],"replies":[{"embeddable":true,"href":"https:\/\/enconecte.com\/index.php?rest_route=%2Fwp%2Fv2%2Fcomments&post=26414"}],"version-history":[{"count":0,"href":"https:\/\/enconecte.com\/index.php?rest_route=\/wp\/v2\/posts\/26414\/revisions"}],"wp:featuredmedia":[{"embeddable":true,"href":"https:\/\/enconecte.com\/index.php?rest_route=\/wp\/v2\/media\/26416"}],"wp:attachment":[{"href":"https:\/\/enconecte.com\/index.php?rest_route=%2Fwp%2Fv2%2Fmedia&parent=26414"}],"wp:term":[{"taxonomy":"category","embeddable":true,"href":"https:\/\/enconecte.com\/index.php?rest_route=%2Fwp%2Fv2%2Fcategories&post=26414"},{"taxonomy":"post_tag","embeddable":true,"href":"https:\/\/enconecte.com\/index.php?rest_route=%2Fwp%2Fv2%2Ftags&post=26414"}],"curies":[{"name":"wp","href":"https:\/\/api.w.org\/{rel}","templated":true}]}}