{"id":26411,"date":"2026-03-12T22:36:26","date_gmt":"2026-03-13T04:36:26","guid":{"rendered":"https:\/\/enconecte.com\/?p=26411"},"modified":"2026-03-12T22:36:26","modified_gmt":"2026-03-13T04:36:26","slug":"alcaldes-del-sur-del-estado-respaldan-a-rodrigo-ureno-en-promocion-de-la-feria-de-la-primavera-jerez-2026","status":"publish","type":"post","link":"https:\/\/enconecte.com\/?p=26411","title":{"rendered":"ALCALDES DEL SUR DEL ESTADO RESPALDAN A RODRIGO URE\u00d1O EN PROMOCI\u00d3N DE LA FERIA DE LA PRIMAVERA JEREZ 2026"},"content":{"rendered":"<ul>\n<li><strong>Ediles de la regi\u00f3n se suman a la difusi\u00f3n de la m\u00e1xima fiesta de los jerezanos y reconocen el trabajo de colaboraci\u00f3n impulsado por el alcalde de Jerez.<\/strong><\/li>\n<\/ul>\n<p><strong>Jerez, Zac.\u2013<\/strong> En el marco de la gira de promoci\u00f3n de la Feria de la Primavera Jerez 2026, el presidente municipal Rodrigo Ure\u00f1o recibi\u00f3 el respaldo de alcaldes de la regi\u00f3n sur del estado, quienes atendieron su convocatoria para fortalecer la difusi\u00f3n de una de las celebraciones m\u00e1s representativas de Zacatecas.<\/p>\n<p>Durante esta ruta de promoci\u00f3n, acompa\u00f1aron al edil jerezano los presidentes municipales Adolfo Cort\u00e9s, de Tepechitl\u00e1n; Olegario Viramontes, de Jalpa; Julieta Camacho, de Huanusco; y Carlos Vera, de Tabasco, quienes coincidieron en reconocer el trabajo que se realiza desde el Gobierno Municipal de Jerez para impulsar el turismo, la econom\u00eda y la proyecci\u00f3n cultural de la regi\u00f3n. El encuentro tuvo lugar en Radio Alegr\u00eda, durante una transmisi\u00f3n conducida por el comunicador Efra\u00edn Gonz\u00e1lez, espacio en el que se destac\u00f3 la importancia de impulsar de manera conjunta los eventos que fortalecen la identidad y el turismo en la regi\u00f3n.<\/p>\n<p><a  href=\"https:\/\/enconecte.com\/wp-content\/uploads\/2026\/03\/WhatsApp-Image-2026-03-12-at-10.13.35-AM.jpeg\" data-rel=\"lightbox-gallery-0\" data-rl_title=\"\" data-rl_caption=\"\" title=\"\"><img loading=\"lazy\" decoding=\"async\" class=\"alignleft size-medium wp-image-26412\" src=\"https:\/\/enconecte.com\/wp-content\/uploads\/2026\/03\/WhatsApp-Image-2026-03-12-at-10.13.35-AM-300x200.jpeg\" alt=\"\" width=\"300\" height=\"200\" srcset=\"https:\/\/enconecte.com\/wp-content\/uploads\/2026\/03\/WhatsApp-Image-2026-03-12-at-10.13.35-AM-300x200.jpeg 300w, https:\/\/enconecte.com\/wp-content\/uploads\/2026\/03\/WhatsApp-Image-2026-03-12-at-10.13.35-AM-1024x683.jpeg 1024w, https:\/\/enconecte.com\/wp-content\/uploads\/2026\/03\/WhatsApp-Image-2026-03-12-at-10.13.35-AM-768x512.jpeg 768w, https:\/\/enconecte.com\/wp-content\/uploads\/2026\/03\/WhatsApp-Image-2026-03-12-at-10.13.35-AM.jpeg 1280w\" sizes=\"auto, (max-width: 300px) 100vw, 300px\" \/><\/a>Los alcaldes asistentes, provenientes de distintas corrientes pol\u00edticas, manifestaron su respaldo a las acciones emprendidas por Ure\u00f1o, no s\u00f3lo en la promoci\u00f3n de la Feria de la Primavera, sino tambi\u00e9n en el proyecto de gobierno que encabeza en Jerez, destacando la importancia de la coordinaci\u00f3n intermunicipal para detonar el desarrollo regional.<\/p>\n<p>Por su parte, Rodrigo Ure\u00f1o agradeci\u00f3 la disposici\u00f3n y el acompa\u00f1amiento de sus hom\u00f3logos, y reafirm\u00f3 su convicci\u00f3n de trabajar con una visi\u00f3n de pluralidad y colaboraci\u00f3n. \u201cEl desarrollo de nuestros municipios se fortalece cuando construimos puentes y redes de colaboraci\u00f3n. Creo firmemente en la pluralidad y en el trabajo conjunto entre gobiernos, m\u00e1s all\u00e1 de cualquier diferencia\u201d, expres\u00f3.<\/p>\n<p>Finalmente, el presidente municipal destac\u00f3 que la Feria de la Primavera Jerez 2026 busca consolidarse como un evento regional que proyecte a Jerez y al sur del estado como un destino tur\u00edstico, cultural y de convivencia para miles de visitantes.<\/p>\n","protected":false},"excerpt":{"rendered":"<p>Ediles de la regi\u00f3n se suman a la difusi\u00f3n de la m\u00e1xima fiesta de los jerezanos y reconocen el trabajo de colaboraci\u00f3n impulsado por el alcalde de Jerez. Jerez, Zac.\u2013 En el marco de la gira de promoci\u00f3n de la Feria de la Primavera Jerez 2026, el presidente municipal Rodrigo Ure\u00f1o recibi\u00f3 el respaldo de [&hellip;]<\/p>\n","protected":false},"author":9,"featured_media":26413,"comment_status":"closed","ping_status":"closed","sticky":false,"template":"","format":"standard","meta":{"footnotes":""},"categories":[1370],"tags":[],"class_list":["post-26411","post","type-post","status-publish","format-standard","has-post-thumbnail","hentry","category-jerez"],"_links":{"self":[{"href":"https:\/\/enconecte.com\/index.php?rest_route=\/wp\/v2\/posts\/26411","targetHints":{"allow":["GET"]}}],"collection":[{"href":"https:\/\/enconecte.com\/index.php?rest_route=\/wp\/v2\/posts"}],"about":[{"href":"https:\/\/enconecte.com\/index.php?rest_route=\/wp\/v2\/types\/post"}],"author":[{"embeddable":true,"href":"https:\/\/enconecte.com\/index.php?rest_route=\/wp\/v2\/users\/9"}],"replies":[{"embeddable":true,"href":"https:\/\/enconecte.com\/index.php?rest_route=%2Fwp%2Fv2%2Fcomments&post=26411"}],"version-history":[{"count":0,"href":"https:\/\/enconecte.com\/index.php?rest_route=\/wp\/v2\/posts\/26411\/revisions"}],"wp:featuredmedia":[{"embeddable":true,"href":"https:\/\/enconecte.com\/index.php?rest_route=\/wp\/v2\/media\/26413"}],"wp:attachment":[{"href":"https:\/\/enconecte.com\/index.php?rest_route=%2Fwp%2Fv2%2Fmedia&parent=26411"}],"wp:term":[{"taxonomy":"category","embeddable":true,"href":"https:\/\/enconecte.com\/index.php?rest_route=%2Fwp%2Fv2%2Fcategories&post=26411"},{"taxonomy":"post_tag","embeddable":true,"href":"https:\/\/enconecte.com\/index.php?rest_route=%2Fwp%2Fv2%2Ftags&post=26411"}],"curies":[{"name":"wp","href":"https:\/\/api.w.org\/{rel}","templated":true}]}}