{"id":26402,"date":"2026-03-10T22:32:53","date_gmt":"2026-03-11T04:32:53","guid":{"rendered":"https:\/\/enconecte.com\/?p=26402"},"modified":"2026-03-12T22:33:22","modified_gmt":"2026-03-13T04:33:22","slug":"candidatas-de-la-feria-de-la-primavera-2026-entregan-colecta-solidaria-al-dif-de-jerez","status":"publish","type":"post","link":"https:\/\/enconecte.com\/?p=26402","title":{"rendered":"CANDIDATAS DE LA FERIA DE LA PRIMAVERA 2026 ENTREGAN COLECTA SOLIDARIA AL DIF DE JEREZ"},"content":{"rendered":"<p>El DIF de Jerez fue beneficiado con la Colecta de Pa\u00f1ales organizada por las candidatas a reina de la Feria de la Primavera 2026, Aranza, Andrea y Ariadna, que en pasados d\u00edas realizaron con el fin de apoyar a grupos en situaci\u00f3n prioritaria del municipio, especialmente a personas de la tercera edad.<\/p>\n<p><a  href=\"https:\/\/enconecte.com\/wp-content\/uploads\/2026\/03\/WhatsApp-Image-2026-03-10-at-12.42.13-PM.jpeg\" data-rel=\"lightbox-gallery-0\" data-rl_title=\"\" data-rl_caption=\"\" title=\"\"><img loading=\"lazy\" decoding=\"async\" class=\"alignleft size-medium wp-image-26403\" src=\"https:\/\/enconecte.com\/wp-content\/uploads\/2026\/03\/WhatsApp-Image-2026-03-10-at-12.42.13-PM-300x200.jpeg\" alt=\"\" width=\"300\" height=\"200\" srcset=\"https:\/\/enconecte.com\/wp-content\/uploads\/2026\/03\/WhatsApp-Image-2026-03-10-at-12.42.13-PM-300x200.jpeg 300w, https:\/\/enconecte.com\/wp-content\/uploads\/2026\/03\/WhatsApp-Image-2026-03-10-at-12.42.13-PM-1024x683.jpeg 1024w, https:\/\/enconecte.com\/wp-content\/uploads\/2026\/03\/WhatsApp-Image-2026-03-10-at-12.42.13-PM-768x512.jpeg 768w, https:\/\/enconecte.com\/wp-content\/uploads\/2026\/03\/WhatsApp-Image-2026-03-10-at-12.42.13-PM-1536x1024.jpeg 1536w, https:\/\/enconecte.com\/wp-content\/uploads\/2026\/03\/WhatsApp-Image-2026-03-10-at-12.42.13-PM.jpeg 1599w\" sizes=\"auto, (max-width: 300px) 100vw, 300px\" \/><\/a>La directora el Sistema DIF, Martha Alamillo, recibi\u00f3 los paquetes de pa\u00f1ales recabados gracias a la donaci\u00f3n de las y los jerezanos, agradeciendo la iniciativa de las j\u00f3venes para coadyuvar en las necesidades de la poblaci\u00f3n, e invit\u00e1ndolas a continuar con ese entusiasmo y esp\u00edritu altruista.<\/p>\n<p>Las candidatas resaltaron la respuesta positiva de la poblaci\u00f3n jerezana y su compromiso con las causas nobles, haciendo entrega de la colecta que ser\u00e1 distribuida por medio de la Jefatura de Servicios del DIF Municipal cargo de Patricia Guti\u00e9rrez, a los sectores que m\u00e1s los requieran.<\/p>\n<p>Finalmente, las tres j\u00f3venes invitaron a la poblaci\u00f3n a sumarse y apoyar a su favorita en las actividades que a la fecha se han agendado, entre ellas la cabalgata el 15 de marzo, partiendo de la Glorieta Francisco Garc\u00eda Salinas y el 21 de marzo convivencia para los ni\u00f1os en la Alameda a las 17:00 hrs.<\/p>\n","protected":false},"excerpt":{"rendered":"<p>El DIF de Jerez fue beneficiado con la Colecta de Pa\u00f1ales organizada por las candidatas a reina de la Feria de la Primavera 2026, Aranza, Andrea y Ariadna, que en pasados d\u00edas realizaron con el fin de apoyar a grupos en situaci\u00f3n prioritaria del municipio, especialmente a personas de la tercera edad. La directora el [&hellip;]<\/p>\n","protected":false},"author":9,"featured_media":26404,"comment_status":"closed","ping_status":"closed","sticky":false,"template":"","format":"standard","meta":{"footnotes":""},"categories":[1370],"tags":[],"class_list":["post-26402","post","type-post","status-publish","format-standard","has-post-thumbnail","hentry","category-jerez"],"_links":{"self":[{"href":"https:\/\/enconecte.com\/index.php?rest_route=\/wp\/v2\/posts\/26402","targetHints":{"allow":["GET"]}}],"collection":[{"href":"https:\/\/enconecte.com\/index.php?rest_route=\/wp\/v2\/posts"}],"about":[{"href":"https:\/\/enconecte.com\/index.php?rest_route=\/wp\/v2\/types\/post"}],"author":[{"embeddable":true,"href":"https:\/\/enconecte.com\/index.php?rest_route=\/wp\/v2\/users\/9"}],"replies":[{"embeddable":true,"href":"https:\/\/enconecte.com\/index.php?rest_route=%2Fwp%2Fv2%2Fcomments&post=26402"}],"version-history":[{"count":0,"href":"https:\/\/enconecte.com\/index.php?rest_route=\/wp\/v2\/posts\/26402\/revisions"}],"wp:featuredmedia":[{"embeddable":true,"href":"https:\/\/enconecte.com\/index.php?rest_route=\/wp\/v2\/media\/26404"}],"wp:attachment":[{"href":"https:\/\/enconecte.com\/index.php?rest_route=%2Fwp%2Fv2%2Fmedia&parent=26402"}],"wp:term":[{"taxonomy":"category","embeddable":true,"href":"https:\/\/enconecte.com\/index.php?rest_route=%2Fwp%2Fv2%2Fcategories&post=26402"},{"taxonomy":"post_tag","embeddable":true,"href":"https:\/\/enconecte.com\/index.php?rest_route=%2Fwp%2Fv2%2Ftags&post=26402"}],"curies":[{"name":"wp","href":"https:\/\/api.w.org\/{rel}","templated":true}]}}