{"id":26384,"date":"2026-03-12T22:25:15","date_gmt":"2026-03-13T04:25:15","guid":{"rendered":"https:\/\/enconecte.com\/?p=26384"},"modified":"2026-03-12T22:25:15","modified_gmt":"2026-03-13T04:25:15","slug":"develan-fotografias-de-las-candidatas-a-reina-de-la-feria-de-la-primavera-jerez-2026","status":"publish","type":"post","link":"https:\/\/enconecte.com\/?p=26384","title":{"rendered":"DEVELAN FOTOGRAF\u00cdAS DE LAS CANDIDATAS A REINA DE LA FERIA DE LA PRIMAVERA JEREZ 2026"},"content":{"rendered":"<p>El Presidente Municipal, Rodrigo Ure\u00f1o Ba\u00f1uelos, acompa\u00f1ado de su esposa Estefana Casas y del presidente del Comit\u00e9 de Feria, Alan L\u00f3pez D\u00e1vila, encabez\u00f3 la develaci\u00f3n de las fotograf\u00edas de las candidatas a Reina de la Feria de la Primavera Jerez 2026: Andrea, Aranza y Ariadna.<\/p>\n<p>Familiares, amigos y simpatizantes de cada aspirante se dieron cita en el Jard\u00edn Principal para respaldarlas con entusiasmo, portando los colores distintivos rojo, rosa y azul. Entre porras y un ambiente festivo acompa\u00f1ado de pirotecnia, fueron reveladas las im\u00e1genes de las tres j\u00f3venes ante los asistentes.<\/p>\n<p>Durante el evento, las autoridades municipales invitaron a la poblaci\u00f3n a formar parte de las actividades de la Feria de la Primavera y a asistir al gran d\u00eda de la elecci\u00f3n de la Reina, que <strong>se llevar\u00e1 a cabo el pr\u00f3ximo 27 de marzo<\/strong>, fecha en la que se realizar\u00e1 el sorteo que definir\u00e1 a la ganadora.<\/p>\n<p><a  href=\"https:\/\/enconecte.com\/wp-content\/uploads\/2026\/03\/WhatsApp-Image-2026-03-08-at-10.18.02-PM.jpeg\" data-rel=\"lightbox-gallery-0\" data-rl_title=\"\" data-rl_caption=\"\" title=\"\"><img loading=\"lazy\" decoding=\"async\" class=\"alignleft size-large wp-image-26385\" src=\"https:\/\/enconecte.com\/wp-content\/uploads\/2026\/03\/WhatsApp-Image-2026-03-08-at-10.18.02-PM-1024x682.jpeg\" alt=\"\" width=\"640\" height=\"426\" srcset=\"https:\/\/enconecte.com\/wp-content\/uploads\/2026\/03\/WhatsApp-Image-2026-03-08-at-10.18.02-PM-1024x682.jpeg 1024w, https:\/\/enconecte.com\/wp-content\/uploads\/2026\/03\/WhatsApp-Image-2026-03-08-at-10.18.02-PM-300x200.jpeg 300w, https:\/\/enconecte.com\/wp-content\/uploads\/2026\/03\/WhatsApp-Image-2026-03-08-at-10.18.02-PM-768x512.jpeg 768w, https:\/\/enconecte.com\/wp-content\/uploads\/2026\/03\/WhatsApp-Image-2026-03-08-at-10.18.02-PM-1536x1023.jpeg 1536w, https:\/\/enconecte.com\/wp-content\/uploads\/2026\/03\/WhatsApp-Image-2026-03-08-at-10.18.02-PM.jpeg 1600w\" sizes=\"auto, (max-width: 640px) 100vw, 640px\" \/><\/a><\/p>\n","protected":false},"excerpt":{"rendered":"<p>El Presidente Municipal, Rodrigo Ure\u00f1o Ba\u00f1uelos, acompa\u00f1ado de su esposa Estefana Casas y del presidente del Comit\u00e9 de Feria, Alan L\u00f3pez D\u00e1vila, encabez\u00f3 la develaci\u00f3n de las fotograf\u00edas de las candidatas a Reina de la Feria de la Primavera Jerez 2026: Andrea, Aranza y Ariadna. Familiares, amigos y simpatizantes de cada aspirante se dieron cita [&hellip;]<\/p>\n","protected":false},"author":9,"featured_media":26386,"comment_status":"closed","ping_status":"closed","sticky":false,"template":"","format":"standard","meta":{"footnotes":""},"categories":[1370],"tags":[],"class_list":["post-26384","post","type-post","status-publish","format-standard","has-post-thumbnail","hentry","category-jerez"],"_links":{"self":[{"href":"https:\/\/enconecte.com\/index.php?rest_route=\/wp\/v2\/posts\/26384","targetHints":{"allow":["GET"]}}],"collection":[{"href":"https:\/\/enconecte.com\/index.php?rest_route=\/wp\/v2\/posts"}],"about":[{"href":"https:\/\/enconecte.com\/index.php?rest_route=\/wp\/v2\/types\/post"}],"author":[{"embeddable":true,"href":"https:\/\/enconecte.com\/index.php?rest_route=\/wp\/v2\/users\/9"}],"replies":[{"embeddable":true,"href":"https:\/\/enconecte.com\/index.php?rest_route=%2Fwp%2Fv2%2Fcomments&post=26384"}],"version-history":[{"count":0,"href":"https:\/\/enconecte.com\/index.php?rest_route=\/wp\/v2\/posts\/26384\/revisions"}],"wp:featuredmedia":[{"embeddable":true,"href":"https:\/\/enconecte.com\/index.php?rest_route=\/wp\/v2\/media\/26386"}],"wp:attachment":[{"href":"https:\/\/enconecte.com\/index.php?rest_route=%2Fwp%2Fv2%2Fmedia&parent=26384"}],"wp:term":[{"taxonomy":"category","embeddable":true,"href":"https:\/\/enconecte.com\/index.php?rest_route=%2Fwp%2Fv2%2Fcategories&post=26384"},{"taxonomy":"post_tag","embeddable":true,"href":"https:\/\/enconecte.com\/index.php?rest_route=%2Fwp%2Fv2%2Ftags&post=26384"}],"curies":[{"name":"wp","href":"https:\/\/api.w.org\/{rel}","templated":true}]}}