{"id":26146,"date":"2026-02-06T08:55:38","date_gmt":"2026-02-06T14:55:38","guid":{"rendered":"https:\/\/enconecte.com\/?p=26146"},"modified":"2026-03-01T08:56:51","modified_gmt":"2026-03-01T14:56:51","slug":"rodrigo-ureno-corona-a-brittany-reina-del-carnaval-de-jerez-2026","status":"publish","type":"post","link":"https:\/\/enconecte.com\/?p=26146","title":{"rendered":"RODRIGO URE\u00d1O CORONA A BRITTANY, REINA DEL CARNAVAL DE JEREZ 2026"},"content":{"rendered":"<p><strong>Tambi\u00e9n fueron electos Fernanda, Reina de la Jerezada 2026, y Alan Rom\u00e1n como Rey Feo.<\/strong><\/p>\n<p><strong>Jerez, Zacatecas.-<\/strong> En un ambiente de fiesta, alegr\u00eda y entusiasmo, se llev\u00f3 a cabo la elecci\u00f3n y coronaci\u00f3n de la Reina del Carnaval de Jerez 2026, t\u00edtulo que obtuvo Brittany Reveles Sandoval, representante de la Preparatoria UAZ Plantel V.<\/p>\n<p>La nueva soberana fue coronada por el Presidente Municipal Rodrigo Ure\u00f1o y su esposa, la presidenta honor\u00edfica del DIF Jerez, Estefana Casas, ante la presencia de autoridades municipales, familias y p\u00fablico en general que se dieron cita para celebrar esta tradicional festividad.<\/p>\n<p><a  href=\"https:\/\/enconecte.com\/wp-content\/uploads\/2026\/03\/WhatsApp-Image-2026-02-06-at-10.03.06-PM.jpeg\" data-rel=\"lightbox-gallery-0\" data-rl_title=\"\" data-rl_caption=\"\" title=\"\"><img loading=\"lazy\" decoding=\"async\" class=\"aligncenter size-large wp-image-26148\" src=\"https:\/\/enconecte.com\/wp-content\/uploads\/2026\/03\/WhatsApp-Image-2026-02-06-at-10.03.06-PM-1024x682.jpeg\" alt=\"\" width=\"640\" height=\"426\" srcset=\"https:\/\/enconecte.com\/wp-content\/uploads\/2026\/03\/WhatsApp-Image-2026-02-06-at-10.03.06-PM-1024x682.jpeg 1024w, https:\/\/enconecte.com\/wp-content\/uploads\/2026\/03\/WhatsApp-Image-2026-02-06-at-10.03.06-PM-300x200.jpeg 300w, https:\/\/enconecte.com\/wp-content\/uploads\/2026\/03\/WhatsApp-Image-2026-02-06-at-10.03.06-PM-768x512.jpeg 768w, https:\/\/enconecte.com\/wp-content\/uploads\/2026\/03\/WhatsApp-Image-2026-02-06-at-10.03.06-PM-1536x1023.jpeg 1536w, https:\/\/enconecte.com\/wp-content\/uploads\/2026\/03\/WhatsApp-Image-2026-02-06-at-10.03.06-PM.jpeg 1600w\" sizes=\"auto, (max-width: 640px) 100vw, 640px\" \/><\/a>Durante el mismo evento, Pepe Ba\u00f1uelos, presidente de la Pe\u00f1a Taurina, coron\u00f3 a Mar\u00eda Fernanda Gallegos, estudiante de CALMECAC, como Reina de la Jerezada 2026, quien fungir\u00e1 como embajadora de la belleza de esta importante fiesta taurina que se celebrar\u00e1 del <strong>11 al 15 de febrero<\/strong>.<\/p>\n<p>Asimismo, fueron electas como Princesas del Carnaval Karol Rodr\u00edguez, de EDUCEM, y Cinthya Stephanie Espitia, de la Preparatoria Francisco Garc\u00eda Salinas, quienes compartieron el trono junto a Alan Rom\u00e1n de Haro, estudiante del Telebachillerato de Los Haro, quien fue designado Rey Feo del Carnaval 2026.<\/p>\n<p>En su mensaje, el Coordinador Municipal de Educaci\u00f3n, Jos\u00e9 Eduardo Ju\u00e1rez Mart\u00ednez, agradeci\u00f3 la participaci\u00f3n de las instituciones de educaci\u00f3n media superior y superior, as\u00ed como el respaldo de las familias de las y los participantes. Finalmente, invit\u00f3 a la ciudadan\u00eda a disfrutar de los desfiles de Carnaval Diurno y Nocturno, que se llevar\u00e1n a cabo los d\u00edas 14 y 15 de febrero, recorriendo las principales calles del municipio.<\/p>\n","protected":false},"excerpt":{"rendered":"<p>Tambi\u00e9n fueron electos Fernanda, Reina de la Jerezada 2026, y Alan Rom\u00e1n como Rey Feo. Jerez, Zacatecas.- En un ambiente de fiesta, alegr\u00eda y entusiasmo, se llev\u00f3 a cabo la elecci\u00f3n y coronaci\u00f3n de la Reina del Carnaval de Jerez 2026, t\u00edtulo que obtuvo Brittany Reveles Sandoval, representante de la Preparatoria UAZ Plantel V. La [&hellip;]<\/p>\n","protected":false},"author":9,"featured_media":26147,"comment_status":"closed","ping_status":"closed","sticky":false,"template":"","format":"standard","meta":{"footnotes":""},"categories":[1370],"tags":[],"class_list":["post-26146","post","type-post","status-publish","format-standard","has-post-thumbnail","hentry","category-jerez"],"_links":{"self":[{"href":"https:\/\/enconecte.com\/index.php?rest_route=\/wp\/v2\/posts\/26146","targetHints":{"allow":["GET"]}}],"collection":[{"href":"https:\/\/enconecte.com\/index.php?rest_route=\/wp\/v2\/posts"}],"about":[{"href":"https:\/\/enconecte.com\/index.php?rest_route=\/wp\/v2\/types\/post"}],"author":[{"embeddable":true,"href":"https:\/\/enconecte.com\/index.php?rest_route=\/wp\/v2\/users\/9"}],"replies":[{"embeddable":true,"href":"https:\/\/enconecte.com\/index.php?rest_route=%2Fwp%2Fv2%2Fcomments&post=26146"}],"version-history":[{"count":0,"href":"https:\/\/enconecte.com\/index.php?rest_route=\/wp\/v2\/posts\/26146\/revisions"}],"wp:featuredmedia":[{"embeddable":true,"href":"https:\/\/enconecte.com\/index.php?rest_route=\/wp\/v2\/media\/26147"}],"wp:attachment":[{"href":"https:\/\/enconecte.com\/index.php?rest_route=%2Fwp%2Fv2%2Fmedia&parent=26146"}],"wp:term":[{"taxonomy":"category","embeddable":true,"href":"https:\/\/enconecte.com\/index.php?rest_route=%2Fwp%2Fv2%2Fcategories&post=26146"},{"taxonomy":"post_tag","embeddable":true,"href":"https:\/\/enconecte.com\/index.php?rest_route=%2Fwp%2Fv2%2Ftags&post=26146"}],"curies":[{"name":"wp","href":"https:\/\/api.w.org\/{rel}","templated":true}]}}