{"id":26138,"date":"2026-02-02T08:52:29","date_gmt":"2026-02-02T14:52:29","guid":{"rendered":"https:\/\/enconecte.com\/?p=26138"},"modified":"2026-03-02T12:25:10","modified_gmt":"2026-03-02T18:25:10","slug":"prevencion-del-delito-imparte-charla-contra-el-bullying-en-el-cam-maria-montessori","status":"publish","type":"post","link":"https:\/\/enconecte.com\/?p=26138","title":{"rendered":"PREVENCI\u00d3N DEL DELITO IMPARTE CHARLA CONTRA EL BULLYING EN EL CAM \u201cMAR\u00cdA MONTESSORI\u201d"},"content":{"rendered":"<p><strong>Jerez, Zac.\u2013<\/strong> Con el objetivo de fomentar entornos escolares seguros y libres de violencia, el \u00e1rea de Prevenci\u00f3n del Delito de la Direcci\u00f3n de Seguridad P\u00fablica Municipal de Jerez llev\u00f3 a cabo una charla sobre bullying y acoso escolar dirigida a ni\u00f1as y ni\u00f1os de educaci\u00f3n especial en el Centro de Atenci\u00f3n M\u00faltiple (CAM) \u201cMar\u00eda Montessori\u201d.<\/p>\n<p><a  href=\"https:\/\/enconecte.com\/wp-content\/uploads\/2026\/03\/WhatsApp-Image-2026-02-05-at-2.41.39-PM.jpeg\" data-rel=\"lightbox-gallery-0\" data-rl_title=\"\" data-rl_caption=\"\" title=\"\"><img loading=\"lazy\" decoding=\"async\" class=\"alignleft size-thumbnail wp-image-26140\" src=\"https:\/\/enconecte.com\/wp-content\/uploads\/2026\/03\/WhatsApp-Image-2026-02-05-at-2.41.39-PM-150x150.jpeg\" alt=\"\" width=\"150\" height=\"150\" \/><\/a>Durante la actividad, el personal de Prevenci\u00f3n del Delito sensibiliz\u00f3, motiv\u00f3 y orient\u00f3 a las y los alumnos sobre la importancia de identificar, prevenir y evitar conductas violentas, as\u00ed como cualquier tipo de agresi\u00f3n entre las infancias, promoviendo valores como el respeto, la empat\u00eda y la convivencia pac\u00edfica.<\/p>\n<p>Estas acciones forman parte de la estrategia preventiva que impulsa el Gobierno Municipal de Jerez para fortalecer la cultura de la paz desde edades tempranas, especialmente en espacios educativos, reafirmando su compromiso con el bienestar, la seguridad y el desarrollo integral de ni\u00f1as y ni\u00f1os del municipio.<\/p>\n","protected":false},"excerpt":{"rendered":"<p>Jerez, Zac.\u2013 Con el objetivo de fomentar entornos escolares seguros y libres de violencia, el \u00e1rea de Prevenci\u00f3n del Delito de la Direcci\u00f3n de Seguridad P\u00fablica Municipal de Jerez llev\u00f3 a cabo una charla sobre bullying y acoso escolar dirigida a ni\u00f1as y ni\u00f1os de educaci\u00f3n especial en el Centro de Atenci\u00f3n M\u00faltiple (CAM) \u201cMar\u00eda [&hellip;]<\/p>\n","protected":false},"author":9,"featured_media":26139,"comment_status":"closed","ping_status":"closed","sticky":false,"template":"","format":"standard","meta":{"footnotes":""},"categories":[1370],"tags":[],"class_list":["post-26138","post","type-post","status-publish","format-standard","has-post-thumbnail","hentry","category-jerez"],"_links":{"self":[{"href":"https:\/\/enconecte.com\/index.php?rest_route=\/wp\/v2\/posts\/26138","targetHints":{"allow":["GET"]}}],"collection":[{"href":"https:\/\/enconecte.com\/index.php?rest_route=\/wp\/v2\/posts"}],"about":[{"href":"https:\/\/enconecte.com\/index.php?rest_route=\/wp\/v2\/types\/post"}],"author":[{"embeddable":true,"href":"https:\/\/enconecte.com\/index.php?rest_route=\/wp\/v2\/users\/9"}],"replies":[{"embeddable":true,"href":"https:\/\/enconecte.com\/index.php?rest_route=%2Fwp%2Fv2%2Fcomments&post=26138"}],"version-history":[{"count":0,"href":"https:\/\/enconecte.com\/index.php?rest_route=\/wp\/v2\/posts\/26138\/revisions"}],"wp:featuredmedia":[{"embeddable":true,"href":"https:\/\/enconecte.com\/index.php?rest_route=\/wp\/v2\/media\/26139"}],"wp:attachment":[{"href":"https:\/\/enconecte.com\/index.php?rest_route=%2Fwp%2Fv2%2Fmedia&parent=26138"}],"wp:term":[{"taxonomy":"category","embeddable":true,"href":"https:\/\/enconecte.com\/index.php?rest_route=%2Fwp%2Fv2%2Fcategories&post=26138"},{"taxonomy":"post_tag","embeddable":true,"href":"https:\/\/enconecte.com\/index.php?rest_route=%2Fwp%2Fv2%2Ftags&post=26138"}],"curies":[{"name":"wp","href":"https:\/\/api.w.org\/{rel}","templated":true}]}}