{"id":26132,"date":"2026-02-03T08:49:24","date_gmt":"2026-02-03T14:49:24","guid":{"rendered":"https:\/\/enconecte.com\/?p=26132"},"modified":"2026-03-01T08:50:22","modified_gmt":"2026-03-01T14:50:22","slug":"honores-a-la-bandera-fortalecen-valores-civicos-en-preescolar-de-jerez","status":"publish","type":"post","link":"https:\/\/enconecte.com\/?p=26132","title":{"rendered":"HONORES A LA BANDERA FORTALECEN VALORES C\u00cdVICOS EN PREESCOLAR DE JEREZ"},"content":{"rendered":"<p><strong>Jerez, Zacatecas.\u2013<\/strong> En representaci\u00f3n del presidente municipal Rodrigo Ure\u00f1o, el secretario de Gobierno, Samuel Berumen, asisti\u00f3 a los honores a la bandera realizados en el Jard\u00edn de Ni\u00f1os Juan Pavlov, donde estuvo acompa\u00f1ado por autoridades educativas, as\u00ed como por representantes de corporaciones de seguridad de los distintos niveles de gobierno.<\/p>\n<p>Durante el acto c\u00edvico, se destac\u00f3 la importancia de fomentar los valores c\u00edvicos y patri\u00f3ticos desde la educaci\u00f3n inicial, reconociendo el papel fundamental de alumnos y maestros en la formaci\u00f3n de una ciudadan\u00eda responsable y comprometida con su comunidad.<\/p>\n<p><a  href=\"https:\/\/enconecte.com\/wp-content\/uploads\/2026\/03\/WhatsApp-Image-2026-02-03-at-1.18.07-PM.jpeg\" data-rel=\"lightbox-gallery-0\" data-rl_title=\"\" data-rl_caption=\"\" title=\"\"><img loading=\"lazy\" decoding=\"async\" class=\"aligncenter size-large wp-image-26133\" src=\"https:\/\/enconecte.com\/wp-content\/uploads\/2026\/03\/WhatsApp-Image-2026-02-03-at-1.18.07-PM-1024x683.jpeg\" alt=\"\" width=\"640\" height=\"427\" srcset=\"https:\/\/enconecte.com\/wp-content\/uploads\/2026\/03\/WhatsApp-Image-2026-02-03-at-1.18.07-PM-1024x683.jpeg 1024w, https:\/\/enconecte.com\/wp-content\/uploads\/2026\/03\/WhatsApp-Image-2026-02-03-at-1.18.07-PM-300x200.jpeg 300w, https:\/\/enconecte.com\/wp-content\/uploads\/2026\/03\/WhatsApp-Image-2026-02-03-at-1.18.07-PM-768x512.jpeg 768w, https:\/\/enconecte.com\/wp-content\/uploads\/2026\/03\/WhatsApp-Image-2026-02-03-at-1.18.07-PM-1536x1024.jpeg 1536w, https:\/\/enconecte.com\/wp-content\/uploads\/2026\/03\/WhatsApp-Image-2026-02-03-at-1.18.07-PM.jpeg 1599w\" sizes=\"auto, (max-width: 640px) 100vw, 640px\" \/><\/a><\/p>\n","protected":false},"excerpt":{"rendered":"<p>Jerez, Zacatecas.\u2013 En representaci\u00f3n del presidente municipal Rodrigo Ure\u00f1o, el secretario de Gobierno, Samuel Berumen, asisti\u00f3 a los honores a la bandera realizados en el Jard\u00edn de Ni\u00f1os Juan Pavlov, donde estuvo acompa\u00f1ado por autoridades educativas, as\u00ed como por representantes de corporaciones de seguridad de los distintos niveles de gobierno. Durante el acto c\u00edvico, se [&hellip;]<\/p>\n","protected":false},"author":9,"featured_media":26134,"comment_status":"closed","ping_status":"closed","sticky":false,"template":"","format":"standard","meta":{"footnotes":""},"categories":[1370],"tags":[],"class_list":["post-26132","post","type-post","status-publish","format-standard","has-post-thumbnail","hentry","category-jerez"],"_links":{"self":[{"href":"https:\/\/enconecte.com\/index.php?rest_route=\/wp\/v2\/posts\/26132","targetHints":{"allow":["GET"]}}],"collection":[{"href":"https:\/\/enconecte.com\/index.php?rest_route=\/wp\/v2\/posts"}],"about":[{"href":"https:\/\/enconecte.com\/index.php?rest_route=\/wp\/v2\/types\/post"}],"author":[{"embeddable":true,"href":"https:\/\/enconecte.com\/index.php?rest_route=\/wp\/v2\/users\/9"}],"replies":[{"embeddable":true,"href":"https:\/\/enconecte.com\/index.php?rest_route=%2Fwp%2Fv2%2Fcomments&post=26132"}],"version-history":[{"count":0,"href":"https:\/\/enconecte.com\/index.php?rest_route=\/wp\/v2\/posts\/26132\/revisions"}],"wp:featuredmedia":[{"embeddable":true,"href":"https:\/\/enconecte.com\/index.php?rest_route=\/wp\/v2\/media\/26134"}],"wp:attachment":[{"href":"https:\/\/enconecte.com\/index.php?rest_route=%2Fwp%2Fv2%2Fmedia&parent=26132"}],"wp:term":[{"taxonomy":"category","embeddable":true,"href":"https:\/\/enconecte.com\/index.php?rest_route=%2Fwp%2Fv2%2Fcategories&post=26132"},{"taxonomy":"post_tag","embeddable":true,"href":"https:\/\/enconecte.com\/index.php?rest_route=%2Fwp%2Fv2%2Ftags&post=26132"}],"curies":[{"name":"wp","href":"https:\/\/api.w.org\/{rel}","templated":true}]}}