{"id":26126,"date":"2026-02-02T08:47:39","date_gmt":"2026-02-02T14:47:39","guid":{"rendered":"https:\/\/enconecte.com\/?p=26126"},"modified":"2026-03-01T08:48:09","modified_gmt":"2026-03-01T14:48:09","slug":"rodrigo-ureno-entrega-nombramiento-a-nueva-directora-de-la-escuela-de-musica-candelario-huizar","status":"publish","type":"post","link":"https:\/\/enconecte.com\/?p=26126","title":{"rendered":"RODRIGO URE\u00d1O ENTREGA NOMBRAMIENTO A NUEVA DIRECTORA DE LA ESCUELA DE M\u00daSICA CANDELARIO HU\u00cdZAR"},"content":{"rendered":"<ul>\n<li><strong>El Gobierno Municipal reafirma su compromiso con el impulso a la cultura y la formaci\u00f3n musical en Jerez<\/strong><\/li>\n<\/ul>\n<p><strong>Jerez, Zacatecas.\u2013<\/strong> El presidente municipal de Jerez, Rodrigo Ure\u00f1o, hizo entrega del nombramiento oficial como directora de la Escuela de M\u00fasica Candelario Hu\u00edzar a Itzel Mercedes Sara\u00ed Cabrera Salamanca, reafirmando el compromiso del Gobierno Municipal con el fortalecimiento del desarrollo art\u00edstico y cultural del municipio.<\/p>\n<p><a  href=\"https:\/\/enconecte.com\/wp-content\/uploads\/2026\/03\/WhatsApp-Image-2026-02-02-at-11.27.21-AM.jpeg\" data-rel=\"lightbox-gallery-0\" data-rl_title=\"\" data-rl_caption=\"\" title=\"\"><img loading=\"lazy\" decoding=\"async\" class=\"alignleft size-thumbnail wp-image-26127\" src=\"https:\/\/enconecte.com\/wp-content\/uploads\/2026\/03\/WhatsApp-Image-2026-02-02-at-11.27.21-AM-150x150.jpeg\" alt=\"\" width=\"150\" height=\"150\" \/><\/a>La directora del Instituto Jerezano de Cultura, Elizabeth Murillo, quien acompa\u00f1\u00f3 al alcalde en este encargo, destac\u00f3 la importancia de continuar impulsando la formaci\u00f3n musical y el talento local desde una de las instituciones culturales m\u00e1s representativas de Jerez.<\/p>\n<p>R.U. subray\u00f3 que la cultura y el arte son pilares fundamentales para la reconstrucci\u00f3n del tejido social y la identidad jerezana, por lo que confi\u00f3 en que la nueva directora dar\u00e1 continuidad al trabajo acad\u00e9mico y art\u00edstico de la Escuela de M\u00fasica, fortaleciendo sus programas y abriendo nuevas oportunidades para ni\u00f1as, ni\u00f1os y j\u00f3venes.<\/p>\n","protected":false},"excerpt":{"rendered":"<p>El Gobierno Municipal reafirma su compromiso con el impulso a la cultura y la formaci\u00f3n musical en Jerez Jerez, Zacatecas.\u2013 El presidente municipal de Jerez, Rodrigo Ure\u00f1o, hizo entrega del nombramiento oficial como directora de la Escuela de M\u00fasica Candelario Hu\u00edzar a Itzel Mercedes Sara\u00ed Cabrera Salamanca, reafirmando el compromiso del Gobierno Municipal con el [&hellip;]<\/p>\n","protected":false},"author":9,"featured_media":26128,"comment_status":"closed","ping_status":"closed","sticky":false,"template":"","format":"standard","meta":{"footnotes":""},"categories":[1370],"tags":[],"class_list":["post-26126","post","type-post","status-publish","format-standard","has-post-thumbnail","hentry","category-jerez"],"_links":{"self":[{"href":"https:\/\/enconecte.com\/index.php?rest_route=\/wp\/v2\/posts\/26126","targetHints":{"allow":["GET"]}}],"collection":[{"href":"https:\/\/enconecte.com\/index.php?rest_route=\/wp\/v2\/posts"}],"about":[{"href":"https:\/\/enconecte.com\/index.php?rest_route=\/wp\/v2\/types\/post"}],"author":[{"embeddable":true,"href":"https:\/\/enconecte.com\/index.php?rest_route=\/wp\/v2\/users\/9"}],"replies":[{"embeddable":true,"href":"https:\/\/enconecte.com\/index.php?rest_route=%2Fwp%2Fv2%2Fcomments&post=26126"}],"version-history":[{"count":0,"href":"https:\/\/enconecte.com\/index.php?rest_route=\/wp\/v2\/posts\/26126\/revisions"}],"wp:featuredmedia":[{"embeddable":true,"href":"https:\/\/enconecte.com\/index.php?rest_route=\/wp\/v2\/media\/26128"}],"wp:attachment":[{"href":"https:\/\/enconecte.com\/index.php?rest_route=%2Fwp%2Fv2%2Fmedia&parent=26126"}],"wp:term":[{"taxonomy":"category","embeddable":true,"href":"https:\/\/enconecte.com\/index.php?rest_route=%2Fwp%2Fv2%2Fcategories&post=26126"},{"taxonomy":"post_tag","embeddable":true,"href":"https:\/\/enconecte.com\/index.php?rest_route=%2Fwp%2Fv2%2Ftags&post=26126"}],"curies":[{"name":"wp","href":"https:\/\/api.w.org\/{rel}","templated":true}]}}