{"id":25836,"date":"2025-11-21T11:52:36","date_gmt":"2025-11-21T17:52:36","guid":{"rendered":"https:\/\/enconecte.com\/?p=25836"},"modified":"2025-12-02T11:52:49","modified_gmt":"2025-12-02T17:52:49","slug":"proteccion-civil-jerez-atiende-multiples-reportes-en-diferentes-puntos-del-municipio","status":"publish","type":"post","link":"https:\/\/enconecte.com\/?p=25836","title":{"rendered":"PROTECCI\u00d3N CIVIL JEREZ ATIENDE M\u00daLTIPLES REPORTES EN DIFERENTES PUNTOS DEL MUNICIPIO"},"content":{"rendered":"<p>El Coordinador Municipal de Protecci\u00f3n Civil, Uriel Aguilera Treto, inform\u00f3 que durante las \u00faltimas horas elementos de la corporaci\u00f3n atendieron diversos reportes de incendios registrados en distintas zonas del municipio, logrando controlar cada uno de los incidentes sin que se presentaran personas lesionadas.<br \/>\nEl primer hecho se registr\u00f3 en la calle Luis Moya, en la zona Centro, se atendi\u00f3 incendio en una vivienda donde se consumi\u00f3 material altamente combustible, entre ropa, acumulaci\u00f3n de basura y pl\u00e1sticos. En este caso, la casa present\u00f3 da\u00f1os estructurales, y el techo de una de las habitaciones colaps\u00f3, aunque afortunadamente sin causar lesiones a ninguna persona. El \u00e1rea qued\u00f3 acordonada para evitar el ingreso y prevenir riesgos ante un posible colapso adicional.<br \/>\nPosteriormente, en la colonia San Francisco, donde un veh\u00edculo estacionado dentro de una cochera comenz\u00f3 a incendiarse, debido a un cortocircuito. El fuego ocasion\u00f3 afectaciones estructurales m\u00ednimas en el domicilio; Aguilera Treto destac\u00f3 que no hab\u00eda personas dentro de la vivienda al momento del siniestro, lo que evit\u00f3 da\u00f1os mayores. Para controlar y enfriar completamente el incendio, se utilizaron dos pipas de agua, debido a la gran cantidad de combustible que conten\u00eda el tanque de gasolina.<br \/>\nLa corporaci\u00f3n atendi\u00f3 el incendio registrado en el basurero municipal, donde aproximadamente 300 metros lineales de desechos fueron consumidos por el fuego. El siniestro fue controlado a tiempo, evitando que se extendiera o saliera de control.<br \/>\nLa Coordinaci\u00f3n Municipal de Protecci\u00f3n Civil reiter\u00f3 su compromiso de mantener acciones permanentes de vigilancia y respuesta inmediata ante cualquier emergencia, as\u00ed como de exhortar a la poblaci\u00f3n a reportar de manera oportuna cualquier situaci\u00f3n\u00a0de\u00a0riesgo.<\/p>\n","protected":false},"excerpt":{"rendered":"<p>El Coordinador Municipal de Protecci\u00f3n Civil, Uriel Aguilera Treto, inform\u00f3 que durante las \u00faltimas horas elementos de la corporaci\u00f3n atendieron diversos reportes de incendios registrados en distintas zonas del municipio, logrando controlar cada uno de los incidentes sin que se presentaran personas lesionadas. El primer hecho se registr\u00f3 en la calle Luis Moya, en la [&hellip;]<\/p>\n","protected":false},"author":9,"featured_media":25837,"comment_status":"closed","ping_status":"closed","sticky":false,"template":"","format":"standard","meta":{"footnotes":""},"categories":[1370],"tags":[],"class_list":["post-25836","post","type-post","status-publish","format-standard","has-post-thumbnail","hentry","category-jerez"],"_links":{"self":[{"href":"https:\/\/enconecte.com\/index.php?rest_route=\/wp\/v2\/posts\/25836","targetHints":{"allow":["GET"]}}],"collection":[{"href":"https:\/\/enconecte.com\/index.php?rest_route=\/wp\/v2\/posts"}],"about":[{"href":"https:\/\/enconecte.com\/index.php?rest_route=\/wp\/v2\/types\/post"}],"author":[{"embeddable":true,"href":"https:\/\/enconecte.com\/index.php?rest_route=\/wp\/v2\/users\/9"}],"replies":[{"embeddable":true,"href":"https:\/\/enconecte.com\/index.php?rest_route=%2Fwp%2Fv2%2Fcomments&post=25836"}],"version-history":[{"count":0,"href":"https:\/\/enconecte.com\/index.php?rest_route=\/wp\/v2\/posts\/25836\/revisions"}],"wp:featuredmedia":[{"embeddable":true,"href":"https:\/\/enconecte.com\/index.php?rest_route=\/wp\/v2\/media\/25837"}],"wp:attachment":[{"href":"https:\/\/enconecte.com\/index.php?rest_route=%2Fwp%2Fv2%2Fmedia&parent=25836"}],"wp:term":[{"taxonomy":"category","embeddable":true,"href":"https:\/\/enconecte.com\/index.php?rest_route=%2Fwp%2Fv2%2Fcategories&post=25836"},{"taxonomy":"post_tag","embeddable":true,"href":"https:\/\/enconecte.com\/index.php?rest_route=%2Fwp%2Fv2%2Ftags&post=25836"}],"curies":[{"name":"wp","href":"https:\/\/api.w.org\/{rel}","templated":true}]}}