{"id":25618,"date":"2025-09-25T23:04:18","date_gmt":"2025-09-26T05:04:18","guid":{"rendered":"https:\/\/enconecte.com\/?p=25618"},"modified":"2025-10-08T23:04:32","modified_gmt":"2025-10-09T05:04:32","slug":"cabildo-de-jerez-define-acciones-estrategicas-para-temas-culturales-deportivos-y-turisticos","status":"publish","type":"post","link":"https:\/\/enconecte.com\/?p=25618","title":{"rendered":"CABILDO DE JEREZ DEFINE ACCIONES ESTRAT\u00c9GICAS PARA TEMAS CULTURALES, DEPORTIVOS Y TUR\u00cdSTICOS"},"content":{"rendered":"<p>En sesi\u00f3n ordinaria de Cabildo, presidida por la s\u00edndica Susana de la Torre Arg\u00fcelles, se dieron a conocer y aprobaron diversos acuerdos en beneficio de la vida cultural, tur\u00edstica y deportiva del municipio.<br \/>\nDentro del informe de comisiones, se comunic\u00f3 que, tras un an\u00e1lisis y estudio en mesa de trabajo, se aprob\u00f3 que el Festival Gastron\u00f3mico y el Festival \u201cEn Jerez Vive la Banda y Tambora\u201d cambiar\u00e1n su fecha \u00fanicamente este a\u00f1o, con el objetivo de optimizar los recursos humanos y materiales para su realizaci\u00f3n. Ambos eventos se llevar\u00e1n a cabo los d\u00edas 21, 22 y 23 de noviembre.<br \/>\nAsimismo, las y los integrantes del Cabildo aprobaron la conformaci\u00f3n de una comisi\u00f3n para emprender un proceso de intercambio cultural y tur\u00edstico entre Jerez y el Ayuntamiento de R\u00edo Grande, fortaleciendo con ello los lazos de cooperaci\u00f3n intermunicipal.<br \/>\nDe igual forma, se autoriz\u00f3 el inicio de un proyecto de dignificaci\u00f3n de los espacios deportivos en colonias y comunidades. Para ello, se establecer\u00e1 una comisi\u00f3n encargada de estudiar la viabilidad de un Consejo T\u00e9cnico, que permitir\u00e1 realizar un diagn\u00f3stico y planificar acciones para la mejora de la infraestructura deportiva\u00a0municipal.<\/p>\n","protected":false},"excerpt":{"rendered":"<p>En sesi\u00f3n ordinaria de Cabildo, presidida por la s\u00edndica Susana de la Torre Arg\u00fcelles, se dieron a conocer y aprobaron diversos acuerdos en beneficio de la vida cultural, tur\u00edstica y deportiva del municipio. Dentro del informe de comisiones, se comunic\u00f3 que, tras un an\u00e1lisis y estudio en mesa de trabajo, se aprob\u00f3 que el Festival [&hellip;]<\/p>\n","protected":false},"author":9,"featured_media":25619,"comment_status":"closed","ping_status":"closed","sticky":false,"template":"","format":"standard","meta":{"footnotes":""},"categories":[1370],"tags":[],"class_list":["post-25618","post","type-post","status-publish","format-standard","has-post-thumbnail","hentry","category-jerez"],"_links":{"self":[{"href":"https:\/\/enconecte.com\/index.php?rest_route=\/wp\/v2\/posts\/25618","targetHints":{"allow":["GET"]}}],"collection":[{"href":"https:\/\/enconecte.com\/index.php?rest_route=\/wp\/v2\/posts"}],"about":[{"href":"https:\/\/enconecte.com\/index.php?rest_route=\/wp\/v2\/types\/post"}],"author":[{"embeddable":true,"href":"https:\/\/enconecte.com\/index.php?rest_route=\/wp\/v2\/users\/9"}],"replies":[{"embeddable":true,"href":"https:\/\/enconecte.com\/index.php?rest_route=%2Fwp%2Fv2%2Fcomments&post=25618"}],"version-history":[{"count":0,"href":"https:\/\/enconecte.com\/index.php?rest_route=\/wp\/v2\/posts\/25618\/revisions"}],"wp:featuredmedia":[{"embeddable":true,"href":"https:\/\/enconecte.com\/index.php?rest_route=\/wp\/v2\/media\/25619"}],"wp:attachment":[{"href":"https:\/\/enconecte.com\/index.php?rest_route=%2Fwp%2Fv2%2Fmedia&parent=25618"}],"wp:term":[{"taxonomy":"category","embeddable":true,"href":"https:\/\/enconecte.com\/index.php?rest_route=%2Fwp%2Fv2%2Fcategories&post=25618"},{"taxonomy":"post_tag","embeddable":true,"href":"https:\/\/enconecte.com\/index.php?rest_route=%2Fwp%2Fv2%2Ftags&post=25618"}],"curies":[{"name":"wp","href":"https:\/\/api.w.org\/{rel}","templated":true}]}}