{"id":25335,"date":"2025-06-26T19:46:27","date_gmt":"2025-06-27T01:46:27","guid":{"rendered":"https:\/\/enconecte.com\/?p=25335"},"modified":"2025-07-02T19:46:48","modified_gmt":"2025-07-03T01:46:48","slug":"dif-municipal-refuerza-salud-mental-en-infantes-y-jovenes-jerezanos","status":"publish","type":"post","link":"https:\/\/enconecte.com\/?p=25335","title":{"rendered":"DIF MUNICIPAL REFUERZA SALUD MENTAL EN INFANTES Y J\u00d3VENES JEREZANOS"},"content":{"rendered":"<p>El DIF Municipal contin\u00faa su recorrido por instituciones educativas, con el objetivo de brindar a ni\u00f1as, ni\u00f1os y adolescentes herramientas psicoemocionales encaminadas a su bienestar.<br \/>\nA trav\u00e9s del Instituto de la Mujer Jerezana (INMUJE), se visit\u00f3 la secundaria Ram\u00f3n L\u00f3pez Velarde, donde se ofrecieron charlas a los estudiantes sobre la importancia de buscar y mantener la salud mental, como forma de prevenci\u00f3n ante problem\u00e1ticas con graves repercusiones individuales y sociales, tales como las adicciones, la anorexia, la bulimia, la ideaci\u00f3n suicida o el acoso escolar.<br \/>\nEl Doctor en Psicoterapias Humanistas, Francisco de Luna, explic\u00f3 que conocerse a s\u00ed mismos, fortalecer la autoestima y reconocer las emociones y pensamientos que se experimentan cotidianamente, como la felicidad, tristeza, enojo o miedo, son herramientas eficaces para lograr\u00a0una\u00a0mente\u00a0sana.<\/p>\n<p><a  href=\"https:\/\/enconecte.com\/wp-content\/uploads\/2025\/07\/Imagen-de-WhatsApp-2025-06-26-a-las-15.01.52_9940575b.jpg\" data-rel=\"lightbox-gallery-0\" data-rl_title=\"\" data-rl_caption=\"\" title=\"\"><img loading=\"lazy\" decoding=\"async\" class=\"alignnone size-full wp-image-25336\" src=\"https:\/\/enconecte.com\/wp-content\/uploads\/2025\/07\/Imagen-de-WhatsApp-2025-06-26-a-las-15.01.52_9940575b.jpg\" alt=\"\" width=\"1600\" height=\"1066\" srcset=\"https:\/\/enconecte.com\/wp-content\/uploads\/2025\/07\/Imagen-de-WhatsApp-2025-06-26-a-las-15.01.52_9940575b.jpg 1600w, https:\/\/enconecte.com\/wp-content\/uploads\/2025\/07\/Imagen-de-WhatsApp-2025-06-26-a-las-15.01.52_9940575b-300x200.jpg 300w, https:\/\/enconecte.com\/wp-content\/uploads\/2025\/07\/Imagen-de-WhatsApp-2025-06-26-a-las-15.01.52_9940575b-1024x682.jpg 1024w, https:\/\/enconecte.com\/wp-content\/uploads\/2025\/07\/Imagen-de-WhatsApp-2025-06-26-a-las-15.01.52_9940575b-768x512.jpg 768w, https:\/\/enconecte.com\/wp-content\/uploads\/2025\/07\/Imagen-de-WhatsApp-2025-06-26-a-las-15.01.52_9940575b-1536x1023.jpg 1536w\" sizes=\"auto, (max-width: 1600px) 100vw, 1600px\" \/><\/a><\/p>\n","protected":false},"excerpt":{"rendered":"<p>El DIF Municipal contin\u00faa su recorrido por instituciones educativas, con el objetivo de brindar a ni\u00f1as, ni\u00f1os y adolescentes herramientas psicoemocionales encaminadas a su bienestar. A trav\u00e9s del Instituto de la Mujer Jerezana (INMUJE), se visit\u00f3 la secundaria Ram\u00f3n L\u00f3pez Velarde, donde se ofrecieron charlas a los estudiantes sobre la importancia de buscar y mantener [&hellip;]<\/p>\n","protected":false},"author":9,"featured_media":25337,"comment_status":"closed","ping_status":"closed","sticky":false,"template":"","format":"standard","meta":{"footnotes":""},"categories":[1370],"tags":[],"class_list":["post-25335","post","type-post","status-publish","format-standard","has-post-thumbnail","hentry","category-jerez"],"_links":{"self":[{"href":"https:\/\/enconecte.com\/index.php?rest_route=\/wp\/v2\/posts\/25335","targetHints":{"allow":["GET"]}}],"collection":[{"href":"https:\/\/enconecte.com\/index.php?rest_route=\/wp\/v2\/posts"}],"about":[{"href":"https:\/\/enconecte.com\/index.php?rest_route=\/wp\/v2\/types\/post"}],"author":[{"embeddable":true,"href":"https:\/\/enconecte.com\/index.php?rest_route=\/wp\/v2\/users\/9"}],"replies":[{"embeddable":true,"href":"https:\/\/enconecte.com\/index.php?rest_route=%2Fwp%2Fv2%2Fcomments&post=25335"}],"version-history":[{"count":0,"href":"https:\/\/enconecte.com\/index.php?rest_route=\/wp\/v2\/posts\/25335\/revisions"}],"wp:featuredmedia":[{"embeddable":true,"href":"https:\/\/enconecte.com\/index.php?rest_route=\/wp\/v2\/media\/25337"}],"wp:attachment":[{"href":"https:\/\/enconecte.com\/index.php?rest_route=%2Fwp%2Fv2%2Fmedia&parent=25335"}],"wp:term":[{"taxonomy":"category","embeddable":true,"href":"https:\/\/enconecte.com\/index.php?rest_route=%2Fwp%2Fv2%2Fcategories&post=25335"},{"taxonomy":"post_tag","embeddable":true,"href":"https:\/\/enconecte.com\/index.php?rest_route=%2Fwp%2Fv2%2Ftags&post=25335"}],"curies":[{"name":"wp","href":"https:\/\/api.w.org\/{rel}","templated":true}]}}