{"id":25327,"date":"2025-06-24T19:44:35","date_gmt":"2025-06-25T01:44:35","guid":{"rendered":"https:\/\/enconecte.com\/?p=25327"},"modified":"2025-07-02T19:44:49","modified_gmt":"2025-07-03T01:44:49","slug":"amplian-el-reciclon-2025-en-jerez-hasta-el-27-de-junio","status":"publish","type":"post","link":"https:\/\/enconecte.com\/?p=25327","title":{"rendered":"AMPL\u00cdAN EL \u201cRECICL\u00d3N 2025\u201d EN JEREZ HASTA EL 27 DE JUNIO"},"content":{"rendered":"<p>El Gobierno Municipal de Jerez, encabezado por el alcalde Rodrigo Ure\u00f1o, ampli\u00f3 hasta el 27 de junio la campa\u00f1a \u201cRecicl\u00f3n 2025\u201d, que busca evitar que los residuos electr\u00f3nicos terminen en tiraderos y contaminen el medio ambiente.<br \/>\nLa titular del Departamento de Medio Ambiente, Kimberly Casta\u00f1eda, inform\u00f3 que gracias a la buena participaci\u00f3n ciudadana, el centro de acopio ubicado en el parque vehicular del Ayuntamiento seguir\u00e1 recibiendo aparatos como computadoras, laptops, celulares, teclados, tabletas, faxes y otros dispositivos electr\u00f3nicos. El objetivo principal es reducir la contaminaci\u00f3n que provocan los metales pesados contenidos en estos residuos, los cuales pueden filtrarse al subsuelo y afectar los mantos\u00a0acu\u00edferos.<\/p>\n","protected":false},"excerpt":{"rendered":"<p>El Gobierno Municipal de Jerez, encabezado por el alcalde Rodrigo Ure\u00f1o, ampli\u00f3 hasta el 27 de junio la campa\u00f1a \u201cRecicl\u00f3n 2025\u201d, que busca evitar que los residuos electr\u00f3nicos terminen en tiraderos y contaminen el medio ambiente. La titular del Departamento de Medio Ambiente, Kimberly Casta\u00f1eda, inform\u00f3 que gracias a la buena participaci\u00f3n ciudadana, el centro [&hellip;]<\/p>\n","protected":false},"author":9,"featured_media":25328,"comment_status":"closed","ping_status":"closed","sticky":false,"template":"","format":"standard","meta":{"footnotes":""},"categories":[1370],"tags":[],"class_list":["post-25327","post","type-post","status-publish","format-standard","has-post-thumbnail","hentry","category-jerez"],"_links":{"self":[{"href":"https:\/\/enconecte.com\/index.php?rest_route=\/wp\/v2\/posts\/25327","targetHints":{"allow":["GET"]}}],"collection":[{"href":"https:\/\/enconecte.com\/index.php?rest_route=\/wp\/v2\/posts"}],"about":[{"href":"https:\/\/enconecte.com\/index.php?rest_route=\/wp\/v2\/types\/post"}],"author":[{"embeddable":true,"href":"https:\/\/enconecte.com\/index.php?rest_route=\/wp\/v2\/users\/9"}],"replies":[{"embeddable":true,"href":"https:\/\/enconecte.com\/index.php?rest_route=%2Fwp%2Fv2%2Fcomments&post=25327"}],"version-history":[{"count":0,"href":"https:\/\/enconecte.com\/index.php?rest_route=\/wp\/v2\/posts\/25327\/revisions"}],"wp:featuredmedia":[{"embeddable":true,"href":"https:\/\/enconecte.com\/index.php?rest_route=\/wp\/v2\/media\/25328"}],"wp:attachment":[{"href":"https:\/\/enconecte.com\/index.php?rest_route=%2Fwp%2Fv2%2Fmedia&parent=25327"}],"wp:term":[{"taxonomy":"category","embeddable":true,"href":"https:\/\/enconecte.com\/index.php?rest_route=%2Fwp%2Fv2%2Fcategories&post=25327"},{"taxonomy":"post_tag","embeddable":true,"href":"https:\/\/enconecte.com\/index.php?rest_route=%2Fwp%2Fv2%2Ftags&post=25327"}],"curies":[{"name":"wp","href":"https:\/\/api.w.org\/{rel}","templated":true}]}}