{"id":25271,"date":"2025-06-27T19:29:22","date_gmt":"2025-06-28T01:29:22","guid":{"rendered":"https:\/\/enconecte.com\/?p=25271"},"modified":"2025-07-02T19:30:03","modified_gmt":"2025-07-03T01:30:03","slug":"dif-jerez-reconoce-a-menores-que-culminaron-terapias-en-el-crijj","status":"publish","type":"post","link":"https:\/\/enconecte.com\/?p=25271","title":{"rendered":"DIF JEREZ RECONOCE A MENORES QUE CULMINARON TERAPIAS EN EL CRIJJ"},"content":{"rendered":"<p>Como un reconocimiento al esfuerzo de ni\u00f1as, ni\u00f1os y j\u00f3venes con discapacidad que concluyeron sus terapias en el Centro de Rehabilitaci\u00f3n Infantil y Juvenil de Jerez (CRIJJ), la presidenta honor\u00edfica del DIF Municipal, Estefana Casas Gonz\u00e1lez, entreg\u00f3 reconocimientos y obsequios en un festival art\u00edstico organizado para despedirlos.<br \/>\nCasas Gonz\u00e1lez expres\u00f3 su satisfacci\u00f3n por convivir con las y los menores, as\u00ed como con sus familias, al conocer de cerca sus historias de vida, su esfuerzo y el valor con que enfrentan la adversidad. Asimismo, reiter\u00f3 que continuar\u00e1n contando con su respaldo y el del alcalde Rodrigo Ure\u00f1o Ba\u00f1uelos siempre que lo necesiten.<br \/>\nEn total, 15 pacientes recibieron reconocimiento por haber concluido terapias en las \u00e1reas de Lenguaje, Terapia F\u00edsica, Estimulaci\u00f3n Temprana, Iniciaci\u00f3n Escolar, Nutrici\u00f3n, Psicolog\u00eda, Multisensorial y Equinoterapia. Posteriormente, continuar\u00e1n con el debido seguimiento cl\u00ednico en la Unidad B\u00e1sica de Rehabilitaci\u00f3n (UBR) del DIF, as\u00ed como en las USAER y en el CAM Mar\u00eda Montessori.<br \/>\nEn compa\u00f1\u00eda de la regidora Mar\u00eda del Carmen Lozano; la jefa de Atenci\u00f3n a la Discapacidad e Inclusi\u00f3n del DIF, Roc\u00edo Ibarra; y la titular del CRIJJ, Mar\u00eda Soledad Gonz\u00e1lez, los asistentes disfrutaron de un programa art\u00edstico a cargo del grupo de baile del Centro de Desarrollo Comunitario (CDC)\u00a0Artesanal.<\/p>\n<p><a  href=\"https:\/\/enconecte.com\/wp-content\/uploads\/2025\/07\/Imagen-de-WhatsApp-2025-06-27-a-las-14.44.14_1d95a620.jpg\" data-rel=\"lightbox-gallery-0\" data-rl_title=\"\" data-rl_caption=\"\" title=\"\"><img loading=\"lazy\" decoding=\"async\" class=\"alignnone size-full wp-image-25273\" src=\"https:\/\/enconecte.com\/wp-content\/uploads\/2025\/07\/Imagen-de-WhatsApp-2025-06-27-a-las-14.44.14_1d95a620.jpg\" alt=\"\" width=\"1600\" height=\"1066\" srcset=\"https:\/\/enconecte.com\/wp-content\/uploads\/2025\/07\/Imagen-de-WhatsApp-2025-06-27-a-las-14.44.14_1d95a620.jpg 1600w, https:\/\/enconecte.com\/wp-content\/uploads\/2025\/07\/Imagen-de-WhatsApp-2025-06-27-a-las-14.44.14_1d95a620-300x200.jpg 300w, https:\/\/enconecte.com\/wp-content\/uploads\/2025\/07\/Imagen-de-WhatsApp-2025-06-27-a-las-14.44.14_1d95a620-1024x682.jpg 1024w, https:\/\/enconecte.com\/wp-content\/uploads\/2025\/07\/Imagen-de-WhatsApp-2025-06-27-a-las-14.44.14_1d95a620-768x512.jpg 768w, https:\/\/enconecte.com\/wp-content\/uploads\/2025\/07\/Imagen-de-WhatsApp-2025-06-27-a-las-14.44.14_1d95a620-1536x1023.jpg 1536w\" sizes=\"auto, (max-width: 1600px) 100vw, 1600px\" \/><\/a><\/p>\n","protected":false},"excerpt":{"rendered":"<p>Como un reconocimiento al esfuerzo de ni\u00f1as, ni\u00f1os y j\u00f3venes con discapacidad que concluyeron sus terapias en el Centro de Rehabilitaci\u00f3n Infantil y Juvenil de Jerez (CRIJJ), la presidenta honor\u00edfica del DIF Municipal, Estefana Casas Gonz\u00e1lez, entreg\u00f3 reconocimientos y obsequios en un festival art\u00edstico organizado para despedirlos. Casas Gonz\u00e1lez expres\u00f3 su satisfacci\u00f3n por convivir con [&hellip;]<\/p>\n","protected":false},"author":9,"featured_media":25272,"comment_status":"closed","ping_status":"closed","sticky":false,"template":"","format":"standard","meta":{"footnotes":""},"categories":[1370],"tags":[],"class_list":["post-25271","post","type-post","status-publish","format-standard","has-post-thumbnail","hentry","category-jerez"],"_links":{"self":[{"href":"https:\/\/enconecte.com\/index.php?rest_route=\/wp\/v2\/posts\/25271","targetHints":{"allow":["GET"]}}],"collection":[{"href":"https:\/\/enconecte.com\/index.php?rest_route=\/wp\/v2\/posts"}],"about":[{"href":"https:\/\/enconecte.com\/index.php?rest_route=\/wp\/v2\/types\/post"}],"author":[{"embeddable":true,"href":"https:\/\/enconecte.com\/index.php?rest_route=\/wp\/v2\/users\/9"}],"replies":[{"embeddable":true,"href":"https:\/\/enconecte.com\/index.php?rest_route=%2Fwp%2Fv2%2Fcomments&post=25271"}],"version-history":[{"count":0,"href":"https:\/\/enconecte.com\/index.php?rest_route=\/wp\/v2\/posts\/25271\/revisions"}],"wp:featuredmedia":[{"embeddable":true,"href":"https:\/\/enconecte.com\/index.php?rest_route=\/wp\/v2\/media\/25272"}],"wp:attachment":[{"href":"https:\/\/enconecte.com\/index.php?rest_route=%2Fwp%2Fv2%2Fmedia&parent=25271"}],"wp:term":[{"taxonomy":"category","embeddable":true,"href":"https:\/\/enconecte.com\/index.php?rest_route=%2Fwp%2Fv2%2Fcategories&post=25271"},{"taxonomy":"post_tag","embeddable":true,"href":"https:\/\/enconecte.com\/index.php?rest_route=%2Fwp%2Fv2%2Ftags&post=25271"}],"curies":[{"name":"wp","href":"https:\/\/api.w.org\/{rel}","templated":true}]}}