{"id":25218,"date":"2025-06-17T19:16:55","date_gmt":"2025-06-18T01:16:55","guid":{"rendered":"https:\/\/enconecte.com\/?p=25218"},"modified":"2025-07-02T19:17:20","modified_gmt":"2025-07-03T01:17:20","slug":"dif-jerez-se-capacita-en-programas-preventivos-para-ninas-ninos-y-adolescentes","status":"publish","type":"post","link":"https:\/\/enconecte.com\/?p=25218","title":{"rendered":"DIF JEREZ SE CAPACITA EN PROGRAMAS PREVENTIVOS PARA NI\u00d1AS, NI\u00d1OS Y ADOLESCENTES"},"content":{"rendered":"<p>Con enfoque en la protecci\u00f3n y el bienestar de la poblaci\u00f3n en situaci\u00f3n prioritaria, especialmente de ni\u00f1as, ni\u00f1os y adolescentes, personal del DIF Jerez fue capacitado por el Sistema Estatal para el Desarrollo Integral de la Familia (SEDIF) en programas preventivos relacionados con diversas problem\u00e1ticas sociales.<br \/>\nLa presidenta honor\u00edfica del DIF Municipal, Estefana Casas Gonz\u00e1lez, refrend\u00f3 su compromiso, as\u00ed como el del alcalde Rodrigo Ure\u00f1o Ba\u00f1uelos, de continuar trabajando en coordinaci\u00f3n con el Gobierno del Estado y con las familias jerezanas, para garantizar que las infancias crezcan y se desarrollen de manera plena.<br \/>\nLa capacitaci\u00f3n fue dirigida por personal especializado en salud, \u00e1rea jur\u00eddica y trabajo social del SEDIF, representado por Mar\u00eda Alfaro, Clara de \u00c1vila, Margarita Medina y Lucila Rodr\u00edguez, quienes subrayaron la importancia de fortalecer la integridad de las y los menores mediante la promoci\u00f3n de sus derechos, la prevenci\u00f3n del acoso escolar, las adicciones y el embarazo adolescente, as\u00ed como la atenci\u00f3n a su salud f\u00edsica\u00a0y\u00a0mental.<\/p>\n<p><a  href=\"https:\/\/enconecte.com\/wp-content\/uploads\/2025\/07\/Imagen-de-WhatsApp-2025-06-17-a-las-16.04.37_413e94fa.jpg\" data-rel=\"lightbox-gallery-0\" data-rl_title=\"\" data-rl_caption=\"\" title=\"\"><img loading=\"lazy\" decoding=\"async\" class=\"alignnone size-full wp-image-25220\" src=\"https:\/\/enconecte.com\/wp-content\/uploads\/2025\/07\/Imagen-de-WhatsApp-2025-06-17-a-las-16.04.37_413e94fa.jpg\" alt=\"\" width=\"1600\" height=\"1066\" srcset=\"https:\/\/enconecte.com\/wp-content\/uploads\/2025\/07\/Imagen-de-WhatsApp-2025-06-17-a-las-16.04.37_413e94fa.jpg 1600w, https:\/\/enconecte.com\/wp-content\/uploads\/2025\/07\/Imagen-de-WhatsApp-2025-06-17-a-las-16.04.37_413e94fa-300x200.jpg 300w, https:\/\/enconecte.com\/wp-content\/uploads\/2025\/07\/Imagen-de-WhatsApp-2025-06-17-a-las-16.04.37_413e94fa-1024x682.jpg 1024w, https:\/\/enconecte.com\/wp-content\/uploads\/2025\/07\/Imagen-de-WhatsApp-2025-06-17-a-las-16.04.37_413e94fa-768x512.jpg 768w, https:\/\/enconecte.com\/wp-content\/uploads\/2025\/07\/Imagen-de-WhatsApp-2025-06-17-a-las-16.04.37_413e94fa-1536x1023.jpg 1536w\" sizes=\"auto, (max-width: 1600px) 100vw, 1600px\" \/><\/a><\/p>\n","protected":false},"excerpt":{"rendered":"<p>Con enfoque en la protecci\u00f3n y el bienestar de la poblaci\u00f3n en situaci\u00f3n prioritaria, especialmente de ni\u00f1as, ni\u00f1os y adolescentes, personal del DIF Jerez fue capacitado por el Sistema Estatal para el Desarrollo Integral de la Familia (SEDIF) en programas preventivos relacionados con diversas problem\u00e1ticas sociales. La presidenta honor\u00edfica del DIF Municipal, Estefana Casas Gonz\u00e1lez, [&hellip;]<\/p>\n","protected":false},"author":9,"featured_media":25219,"comment_status":"closed","ping_status":"closed","sticky":false,"template":"","format":"standard","meta":{"footnotes":""},"categories":[1370],"tags":[],"class_list":["post-25218","post","type-post","status-publish","format-standard","has-post-thumbnail","hentry","category-jerez"],"_links":{"self":[{"href":"https:\/\/enconecte.com\/index.php?rest_route=\/wp\/v2\/posts\/25218","targetHints":{"allow":["GET"]}}],"collection":[{"href":"https:\/\/enconecte.com\/index.php?rest_route=\/wp\/v2\/posts"}],"about":[{"href":"https:\/\/enconecte.com\/index.php?rest_route=\/wp\/v2\/types\/post"}],"author":[{"embeddable":true,"href":"https:\/\/enconecte.com\/index.php?rest_route=\/wp\/v2\/users\/9"}],"replies":[{"embeddable":true,"href":"https:\/\/enconecte.com\/index.php?rest_route=%2Fwp%2Fv2%2Fcomments&post=25218"}],"version-history":[{"count":0,"href":"https:\/\/enconecte.com\/index.php?rest_route=\/wp\/v2\/posts\/25218\/revisions"}],"wp:featuredmedia":[{"embeddable":true,"href":"https:\/\/enconecte.com\/index.php?rest_route=\/wp\/v2\/media\/25219"}],"wp:attachment":[{"href":"https:\/\/enconecte.com\/index.php?rest_route=%2Fwp%2Fv2%2Fmedia&parent=25218"}],"wp:term":[{"taxonomy":"category","embeddable":true,"href":"https:\/\/enconecte.com\/index.php?rest_route=%2Fwp%2Fv2%2Fcategories&post=25218"},{"taxonomy":"post_tag","embeddable":true,"href":"https:\/\/enconecte.com\/index.php?rest_route=%2Fwp%2Fv2%2Ftags&post=25218"}],"curies":[{"name":"wp","href":"https:\/\/api.w.org\/{rel}","templated":true}]}}