{"id":25132,"date":"2025-05-23T12:56:13","date_gmt":"2025-05-23T18:56:13","guid":{"rendered":"https:\/\/enconecte.com\/?p=25132"},"modified":"2025-06-03T12:56:30","modified_gmt":"2025-06-03T18:56:30","slug":"inicia-gobierno-de-rodrigo-ureno-campana-de-reforestacion-en-el-centro-de-jerez","status":"publish","type":"post","link":"https:\/\/enconecte.com\/?p=25132","title":{"rendered":"INICIA GOBIERNO DE RODRIGO URE\u00d1O CAMPA\u00d1A DE REFORESTACI\u00d3N EN EL CENTRO DE JEREZ"},"content":{"rendered":"<p>En respuesta a solicitudes ciudadanas y con el firme compromiso de promover el cuidado del medio ambiente, el Gobierno Municipal que encabeza Rodrigo Ure\u00f1o Ba\u00f1uelos dio inicio a una campa\u00f1a de reforestaci\u00f3n en distintas calles de la zona centro de la ciudad.<br \/>\nRub\u00e9n D\u00e1vila Aguilar, director del \u00e1rea responsable, inform\u00f3 que los trabajos estuvieron a cargo del personal del Departamento de Parques y Jardines, perteneciente a la Subdirecci\u00f3n de Servicios P\u00fablicos Municipales. En esta primera jornada, se plantaron 15 \u00e1rboles tipo trueno adultos en las calles Pino Su\u00e1rez, L\u00f3pez Velarde y San Luis, buscando recuperar el verdor y mejorar la imagen urbana de estas vialidades.<br \/>\nEl funcionario hizo un llamado a la ciudadan\u00eda para que se sume al esfuerzo colectivo cuidando de los \u00e1rboles plantados, recordando que su preservaci\u00f3n es en beneficio de todas y todos. Asimismo, reiter\u00f3 el compromiso del Presidente Municipal con los vecinos que solicitaron los ejemplares, de brindarles el mantenimiento necesario y, sobre todo, garantizar el riego que permita su\u00a0supervivencia.<\/p>\n<p><a  href=\"https:\/\/enconecte.com\/wp-content\/uploads\/2025\/06\/Imagen-de-WhatsApp-2025-05-23-a-las-14.44.18_606b8d76.jpg\" data-rel=\"lightbox-gallery-0\" data-rl_title=\"\" data-rl_caption=\"\" title=\"\"><img loading=\"lazy\" decoding=\"async\" class=\"alignnone size-full wp-image-25134\" src=\"https:\/\/enconecte.com\/wp-content\/uploads\/2025\/06\/Imagen-de-WhatsApp-2025-05-23-a-las-14.44.18_606b8d76.jpg\" alt=\"\" width=\"1280\" height=\"720\" srcset=\"https:\/\/enconecte.com\/wp-content\/uploads\/2025\/06\/Imagen-de-WhatsApp-2025-05-23-a-las-14.44.18_606b8d76.jpg 1280w, https:\/\/enconecte.com\/wp-content\/uploads\/2025\/06\/Imagen-de-WhatsApp-2025-05-23-a-las-14.44.18_606b8d76-300x169.jpg 300w, https:\/\/enconecte.com\/wp-content\/uploads\/2025\/06\/Imagen-de-WhatsApp-2025-05-23-a-las-14.44.18_606b8d76-1024x576.jpg 1024w, https:\/\/enconecte.com\/wp-content\/uploads\/2025\/06\/Imagen-de-WhatsApp-2025-05-23-a-las-14.44.18_606b8d76-768x432.jpg 768w\" sizes=\"auto, (max-width: 1280px) 100vw, 1280px\" \/><\/a><\/p>\n","protected":false},"excerpt":{"rendered":"<p>En respuesta a solicitudes ciudadanas y con el firme compromiso de promover el cuidado del medio ambiente, el Gobierno Municipal que encabeza Rodrigo Ure\u00f1o Ba\u00f1uelos dio inicio a una campa\u00f1a de reforestaci\u00f3n en distintas calles de la zona centro de la ciudad. Rub\u00e9n D\u00e1vila Aguilar, director del \u00e1rea responsable, inform\u00f3 que los trabajos estuvieron a [&hellip;]<\/p>\n","protected":false},"author":9,"featured_media":25133,"comment_status":"closed","ping_status":"closed","sticky":false,"template":"","format":"standard","meta":{"footnotes":""},"categories":[1370],"tags":[],"class_list":["post-25132","post","type-post","status-publish","format-standard","has-post-thumbnail","hentry","category-jerez"],"_links":{"self":[{"href":"https:\/\/enconecte.com\/index.php?rest_route=\/wp\/v2\/posts\/25132","targetHints":{"allow":["GET"]}}],"collection":[{"href":"https:\/\/enconecte.com\/index.php?rest_route=\/wp\/v2\/posts"}],"about":[{"href":"https:\/\/enconecte.com\/index.php?rest_route=\/wp\/v2\/types\/post"}],"author":[{"embeddable":true,"href":"https:\/\/enconecte.com\/index.php?rest_route=\/wp\/v2\/users\/9"}],"replies":[{"embeddable":true,"href":"https:\/\/enconecte.com\/index.php?rest_route=%2Fwp%2Fv2%2Fcomments&post=25132"}],"version-history":[{"count":0,"href":"https:\/\/enconecte.com\/index.php?rest_route=\/wp\/v2\/posts\/25132\/revisions"}],"wp:featuredmedia":[{"embeddable":true,"href":"https:\/\/enconecte.com\/index.php?rest_route=\/wp\/v2\/media\/25133"}],"wp:attachment":[{"href":"https:\/\/enconecte.com\/index.php?rest_route=%2Fwp%2Fv2%2Fmedia&parent=25132"}],"wp:term":[{"taxonomy":"category","embeddable":true,"href":"https:\/\/enconecte.com\/index.php?rest_route=%2Fwp%2Fv2%2Fcategories&post=25132"},{"taxonomy":"post_tag","embeddable":true,"href":"https:\/\/enconecte.com\/index.php?rest_route=%2Fwp%2Fv2%2Ftags&post=25132"}],"curies":[{"name":"wp","href":"https:\/\/api.w.org\/{rel}","templated":true}]}}