{"id":25126,"date":"2025-05-21T12:55:16","date_gmt":"2025-05-21T18:55:16","guid":{"rendered":"https:\/\/enconecte.com\/?p=25126"},"modified":"2025-06-03T12:55:37","modified_gmt":"2025-06-03T18:55:37","slug":"gobierno-municipal-y-sader-inifap-celebran-el-tercer-festival-de-las-abejas","status":"publish","type":"post","link":"https:\/\/enconecte.com\/?p=25126","title":{"rendered":"GOBIERNO MUNICIPAL Y SADER-INIFAP CELEBRAN EL TERCER FESTIVAL DE LAS ABEJAS"},"content":{"rendered":"<p>Con el objetivo de generar conciencia sobre la importancia de las abejas y otros polinizadores para la biodiversidad, la producci\u00f3n de alimentos y la seguridad alimentaria global, se celebr\u00f3 en la localidad de Ermita de Guadalupe el Tercer Festival de las Abejas, en el marco del D\u00eda Mundial de la Abeja. Este evento fue organizado por el H. Ayuntamiento de Jerez en coordinaci\u00f3n con el equipo de Acompa\u00f1amiento T\u00e9cnico de la SADER-INIFAP, a trav\u00e9s de la Direcci\u00f3n de Desarrollo Agropecuario, y se llev\u00f3 a cabo en el domo de la comunidad, con la participaci\u00f3n de Escuela de Campo, as\u00ed como de productores, investigadores, autoridades locales y familias jerezanas.<br \/>\nEn representaci\u00f3n del presidente municipal Rodrigo Ure\u00f1o, asisti\u00f3 el titular de Desarrollo Agropecuario, Rolando Ruiz, quien destac\u00f3 que para el alcalde es una prioridad apoyar al campo en todos sus sectores, reconociendo el papel fundamental que desempe\u00f1an las abejas en la sostenibilidad agr\u00edcola.<br \/>\nComo parte del programa, se imparti\u00f3 la conferencia &#8220;Sin abejas no hay vida: iniciaci\u00f3n en la apicultura&#8221;, a cargo del Dr. Carlos Aurelio Medina Flores, profesor investigador de la Unidad Acad\u00e9mica de Veterinaria de la UAZ, quien abord\u00f3 la relevancia de las abejas para los ecosistemas y la agricultura, as\u00ed como las oportunidades que ofrece la apicultura como actividad productiva.<br \/>\nDe forma paralela, se llev\u00f3 a cabo un concurso infantil con la participaci\u00f3n de ni\u00f1as y ni\u00f1os de entre 4 y 13 a\u00f1os, quienes, a trav\u00e9s de actividades l\u00fadicas y educativas, aprendieron sobre la importancia de cuidar a las abejas como aliadas de la vida y\u00a0la\u00a0agricultura.<\/p>\n<p><a  href=\"https:\/\/enconecte.com\/wp-content\/uploads\/2025\/06\/Imagen-de-WhatsApp-2025-05-21-a-las-13.26.05_f839ef9f.jpg\" data-rel=\"lightbox-gallery-0\" data-rl_title=\"\" data-rl_caption=\"\" title=\"\"><img loading=\"lazy\" decoding=\"async\" class=\"alignnone size-full wp-image-25128\" src=\"https:\/\/enconecte.com\/wp-content\/uploads\/2025\/06\/Imagen-de-WhatsApp-2025-05-21-a-las-13.26.05_f839ef9f.jpg\" alt=\"\" width=\"1482\" height=\"741\" srcset=\"https:\/\/enconecte.com\/wp-content\/uploads\/2025\/06\/Imagen-de-WhatsApp-2025-05-21-a-las-13.26.05_f839ef9f.jpg 1482w, https:\/\/enconecte.com\/wp-content\/uploads\/2025\/06\/Imagen-de-WhatsApp-2025-05-21-a-las-13.26.05_f839ef9f-300x150.jpg 300w, https:\/\/enconecte.com\/wp-content\/uploads\/2025\/06\/Imagen-de-WhatsApp-2025-05-21-a-las-13.26.05_f839ef9f-1024x512.jpg 1024w, https:\/\/enconecte.com\/wp-content\/uploads\/2025\/06\/Imagen-de-WhatsApp-2025-05-21-a-las-13.26.05_f839ef9f-768x384.jpg 768w\" sizes=\"auto, (max-width: 1482px) 100vw, 1482px\" \/><\/a><\/p>\n","protected":false},"excerpt":{"rendered":"<p>Con el objetivo de generar conciencia sobre la importancia de las abejas y otros polinizadores para la biodiversidad, la producci\u00f3n de alimentos y la seguridad alimentaria global, se celebr\u00f3 en la localidad de Ermita de Guadalupe el Tercer Festival de las Abejas, en el marco del D\u00eda Mundial de la Abeja. Este evento fue organizado [&hellip;]<\/p>\n","protected":false},"author":9,"featured_media":25127,"comment_status":"closed","ping_status":"closed","sticky":false,"template":"","format":"standard","meta":{"footnotes":""},"categories":[1370],"tags":[],"class_list":["post-25126","post","type-post","status-publish","format-standard","has-post-thumbnail","hentry","category-jerez"],"_links":{"self":[{"href":"https:\/\/enconecte.com\/index.php?rest_route=\/wp\/v2\/posts\/25126","targetHints":{"allow":["GET"]}}],"collection":[{"href":"https:\/\/enconecte.com\/index.php?rest_route=\/wp\/v2\/posts"}],"about":[{"href":"https:\/\/enconecte.com\/index.php?rest_route=\/wp\/v2\/types\/post"}],"author":[{"embeddable":true,"href":"https:\/\/enconecte.com\/index.php?rest_route=\/wp\/v2\/users\/9"}],"replies":[{"embeddable":true,"href":"https:\/\/enconecte.com\/index.php?rest_route=%2Fwp%2Fv2%2Fcomments&post=25126"}],"version-history":[{"count":0,"href":"https:\/\/enconecte.com\/index.php?rest_route=\/wp\/v2\/posts\/25126\/revisions"}],"wp:featuredmedia":[{"embeddable":true,"href":"https:\/\/enconecte.com\/index.php?rest_route=\/wp\/v2\/media\/25127"}],"wp:attachment":[{"href":"https:\/\/enconecte.com\/index.php?rest_route=%2Fwp%2Fv2%2Fmedia&parent=25126"}],"wp:term":[{"taxonomy":"category","embeddable":true,"href":"https:\/\/enconecte.com\/index.php?rest_route=%2Fwp%2Fv2%2Fcategories&post=25126"},{"taxonomy":"post_tag","embeddable":true,"href":"https:\/\/enconecte.com\/index.php?rest_route=%2Fwp%2Fv2%2Ftags&post=25126"}],"curies":[{"name":"wp","href":"https:\/\/api.w.org\/{rel}","templated":true}]}}