{"id":25123,"date":"2025-05-20T12:54:48","date_gmt":"2025-05-20T18:54:48","guid":{"rendered":"https:\/\/enconecte.com\/?p=25123"},"modified":"2025-06-03T12:55:07","modified_gmt":"2025-06-03T18:55:07","slug":"impulsan-tradiciones-y-talentos-a-traves-de-los-artesanos-jerezanos","status":"publish","type":"post","link":"https:\/\/enconecte.com\/?p=25123","title":{"rendered":"IMPULSAN TRADICIONES Y TALENTOS A TRAV\u00c9S DE LOS ARTESANOS JEREZANOS"},"content":{"rendered":"<p>Como parte del Plan de Desarrollo Tur\u00edstico impulsado por el Presidente Municipal Rodrigo Ure\u00f1o, el Subdirector de Desarrollo Econ\u00f3mico, Ernesto Casta\u00f1o y el titular de Fomento Econ\u00f3mico y Proyectos Productivos, Ra\u00fal M\u00e1rquez Escobedo, recibi\u00f3 en Jerez al Subsecretario de Desarrollo Artesanal del Gobierno del Estado, C\u00e9sar Antonio S\u00e1nchez Barajas.<br \/>\nDurante su visita, realizaron un recorrido por la Tienda Artesanal ubicada en el Kiosco, donde analizaron el potencial de este espacio como punto estrat\u00e9gico para la promoci\u00f3n y comercializaci\u00f3n de productos locales. Esta visita forma parte de una gira por varios municipios para levantar un diagn\u00f3stico y an\u00e1lisis de los distintos proyectos y programas relacionados con el sector artesanal.<br \/>\nUno de los principales proyectos a corto plazo en Jerez es la puesta en marcha de un esquema integral de impulso a los artesanos, que contempla la reapertura oficial del Kiosco como espacio de exhibici\u00f3n y venta, el fortalecimiento del programa \u201cTesoros de Jerez\u201d y la firma de convenios de colaboraci\u00f3n para ampliar los canales de distribuci\u00f3n.<br \/>\nEl objetivo, se\u00f1alaron las autoridades, es posicionar a Jerez como un referente regional en el impulso a las tradiciones, el talento y la identidad artesanal, generando al mismo tiempo oportunidades econ\u00f3micas para las familias que dependen de esta actividad. Este esfuerzo coordinado busca dar visibilidad y sostenibilidad al trabajo artesanal jerezano, reafirmando el compromiso del gobierno municipal con el desarrollo econ\u00f3mico y cultural\u00a0del\u00a0municipio.<\/p>\n<p><a  href=\"https:\/\/enconecte.com\/wp-content\/uploads\/2025\/06\/Imagen-de-WhatsApp-2025-05-20-a-las-11.43.56_dddbf53c.jpg\" data-rel=\"lightbox-gallery-0\" data-rl_title=\"\" data-rl_caption=\"\" title=\"\"><img loading=\"lazy\" decoding=\"async\" class=\"alignnone size-full wp-image-25124\" src=\"https:\/\/enconecte.com\/wp-content\/uploads\/2025\/06\/Imagen-de-WhatsApp-2025-05-20-a-las-11.43.56_dddbf53c.jpg\" alt=\"\" width=\"1600\" height=\"1066\" srcset=\"https:\/\/enconecte.com\/wp-content\/uploads\/2025\/06\/Imagen-de-WhatsApp-2025-05-20-a-las-11.43.56_dddbf53c.jpg 1600w, https:\/\/enconecte.com\/wp-content\/uploads\/2025\/06\/Imagen-de-WhatsApp-2025-05-20-a-las-11.43.56_dddbf53c-300x200.jpg 300w, https:\/\/enconecte.com\/wp-content\/uploads\/2025\/06\/Imagen-de-WhatsApp-2025-05-20-a-las-11.43.56_dddbf53c-1024x682.jpg 1024w, https:\/\/enconecte.com\/wp-content\/uploads\/2025\/06\/Imagen-de-WhatsApp-2025-05-20-a-las-11.43.56_dddbf53c-768x512.jpg 768w, https:\/\/enconecte.com\/wp-content\/uploads\/2025\/06\/Imagen-de-WhatsApp-2025-05-20-a-las-11.43.56_dddbf53c-1536x1023.jpg 1536w\" sizes=\"auto, (max-width: 1600px) 100vw, 1600px\" \/><\/a><\/p>\n","protected":false},"excerpt":{"rendered":"<p>Como parte del Plan de Desarrollo Tur\u00edstico impulsado por el Presidente Municipal Rodrigo Ure\u00f1o, el Subdirector de Desarrollo Econ\u00f3mico, Ernesto Casta\u00f1o y el titular de Fomento Econ\u00f3mico y Proyectos Productivos, Ra\u00fal M\u00e1rquez Escobedo, recibi\u00f3 en Jerez al Subsecretario de Desarrollo Artesanal del Gobierno del Estado, C\u00e9sar Antonio S\u00e1nchez Barajas. Durante su visita, realizaron un recorrido [&hellip;]<\/p>\n","protected":false},"author":9,"featured_media":25125,"comment_status":"closed","ping_status":"closed","sticky":false,"template":"","format":"standard","meta":{"footnotes":""},"categories":[1370],"tags":[],"class_list":["post-25123","post","type-post","status-publish","format-standard","has-post-thumbnail","hentry","category-jerez"],"_links":{"self":[{"href":"https:\/\/enconecte.com\/index.php?rest_route=\/wp\/v2\/posts\/25123","targetHints":{"allow":["GET"]}}],"collection":[{"href":"https:\/\/enconecte.com\/index.php?rest_route=\/wp\/v2\/posts"}],"about":[{"href":"https:\/\/enconecte.com\/index.php?rest_route=\/wp\/v2\/types\/post"}],"author":[{"embeddable":true,"href":"https:\/\/enconecte.com\/index.php?rest_route=\/wp\/v2\/users\/9"}],"replies":[{"embeddable":true,"href":"https:\/\/enconecte.com\/index.php?rest_route=%2Fwp%2Fv2%2Fcomments&post=25123"}],"version-history":[{"count":0,"href":"https:\/\/enconecte.com\/index.php?rest_route=\/wp\/v2\/posts\/25123\/revisions"}],"wp:featuredmedia":[{"embeddable":true,"href":"https:\/\/enconecte.com\/index.php?rest_route=\/wp\/v2\/media\/25125"}],"wp:attachment":[{"href":"https:\/\/enconecte.com\/index.php?rest_route=%2Fwp%2Fv2%2Fmedia&parent=25123"}],"wp:term":[{"taxonomy":"category","embeddable":true,"href":"https:\/\/enconecte.com\/index.php?rest_route=%2Fwp%2Fv2%2Fcategories&post=25123"},{"taxonomy":"post_tag","embeddable":true,"href":"https:\/\/enconecte.com\/index.php?rest_route=%2Fwp%2Fv2%2Ftags&post=25123"}],"curies":[{"name":"wp","href":"https:\/\/api.w.org\/{rel}","templated":true}]}}