{"id":25114,"date":"2025-05-16T12:53:30","date_gmt":"2025-05-16T18:53:30","guid":{"rendered":"https:\/\/enconecte.com\/?p=25114"},"modified":"2025-06-03T12:53:48","modified_gmt":"2025-06-03T18:53:48","slug":"jerez-participa-en-encuentro-regional-de-productores-de-frijol","status":"publish","type":"post","link":"https:\/\/enconecte.com\/?p=25114","title":{"rendered":"JEREZ PARTICIPA EN ENCUENTRO REGIONAL DE PRODUCTORES DE FRIJOL"},"content":{"rendered":"<p>En seguimiento al plan de trabajo para fortalecer al campo jerezano del Presidente Municipal Rodrigo Ure\u00f1o, el personal del Departamento Agropecuario a particip\u00f3 en el encuentro regional convocado por la Secretar\u00eda de Agricultura y Desarrollo Rural (SADER) Zacatecas, en el que se dieron cita productores de frijol de los municipios de Fresnillo, Calera, Enrique Estrada y Jerez.<br \/>\nPor parte de Jerez, acudieron agricultores de las comunidades Ermita de los Correa, El Naranjal, San Cayetano y Santa Rita, quienes tuvieron la oportunidad de conocer de primera mano los lineamientos y objetivos de la Estrategia Nacional \u201cCosechando Soberan\u00eda\u201d, impulsada por el Gobierno Federal.<br \/>\nDurante el encuentro, tambi\u00e9n se llev\u00f3 a cabo una jornada de vinculaci\u00f3n con importantes comercializadoras nacionales como Verde Valle, La Morena, Schettino Bueno, La Merced, Empacadora de Semillas Zaragoza y la Central de Abastos de la Ciudad de M\u00e9xico, con el fin de abrir nuevas oportunidades de mercado para los productores zacatecanos.<br \/>\nAsimismo, participaron instituciones clave como la Secretar\u00eda del Campo (Secampo), FIRA, CIMMYT y Escuelas de Campo, quienes compartieron herramientas, esquemas de financiamiento y estrategias de capacitaci\u00f3n para mejorar la productividad y la calidad de\u00a0los\u00a0cultivos.<\/p>\n<p><a  href=\"https:\/\/enconecte.com\/wp-content\/uploads\/2025\/06\/Imagen-de-WhatsApp-2025-05-16-a-las-18.11.54_c90d3989.jpg\" data-rel=\"lightbox-gallery-0\" data-rl_title=\"\" data-rl_caption=\"\" title=\"\"><img loading=\"lazy\" decoding=\"async\" class=\"alignnone size-full wp-image-25115\" src=\"https:\/\/enconecte.com\/wp-content\/uploads\/2025\/06\/Imagen-de-WhatsApp-2025-05-16-a-las-18.11.54_c90d3989.jpg\" alt=\"\" width=\"1600\" height=\"1200\" srcset=\"https:\/\/enconecte.com\/wp-content\/uploads\/2025\/06\/Imagen-de-WhatsApp-2025-05-16-a-las-18.11.54_c90d3989.jpg 1600w, https:\/\/enconecte.com\/wp-content\/uploads\/2025\/06\/Imagen-de-WhatsApp-2025-05-16-a-las-18.11.54_c90d3989-300x225.jpg 300w, https:\/\/enconecte.com\/wp-content\/uploads\/2025\/06\/Imagen-de-WhatsApp-2025-05-16-a-las-18.11.54_c90d3989-1024x768.jpg 1024w, https:\/\/enconecte.com\/wp-content\/uploads\/2025\/06\/Imagen-de-WhatsApp-2025-05-16-a-las-18.11.54_c90d3989-768x576.jpg 768w, https:\/\/enconecte.com\/wp-content\/uploads\/2025\/06\/Imagen-de-WhatsApp-2025-05-16-a-las-18.11.54_c90d3989-1536x1152.jpg 1536w\" sizes=\"auto, (max-width: 1600px) 100vw, 1600px\" \/><\/a><\/p>\n","protected":false},"excerpt":{"rendered":"<p>En seguimiento al plan de trabajo para fortalecer al campo jerezano del Presidente Municipal Rodrigo Ure\u00f1o, el personal del Departamento Agropecuario a particip\u00f3 en el encuentro regional convocado por la Secretar\u00eda de Agricultura y Desarrollo Rural (SADER) Zacatecas, en el que se dieron cita productores de frijol de los municipios de Fresnillo, Calera, Enrique Estrada [&hellip;]<\/p>\n","protected":false},"author":9,"featured_media":25116,"comment_status":"closed","ping_status":"closed","sticky":false,"template":"","format":"standard","meta":{"footnotes":""},"categories":[1370],"tags":[],"class_list":["post-25114","post","type-post","status-publish","format-standard","has-post-thumbnail","hentry","category-jerez"],"_links":{"self":[{"href":"https:\/\/enconecte.com\/index.php?rest_route=\/wp\/v2\/posts\/25114","targetHints":{"allow":["GET"]}}],"collection":[{"href":"https:\/\/enconecte.com\/index.php?rest_route=\/wp\/v2\/posts"}],"about":[{"href":"https:\/\/enconecte.com\/index.php?rest_route=\/wp\/v2\/types\/post"}],"author":[{"embeddable":true,"href":"https:\/\/enconecte.com\/index.php?rest_route=\/wp\/v2\/users\/9"}],"replies":[{"embeddable":true,"href":"https:\/\/enconecte.com\/index.php?rest_route=%2Fwp%2Fv2%2Fcomments&post=25114"}],"version-history":[{"count":0,"href":"https:\/\/enconecte.com\/index.php?rest_route=\/wp\/v2\/posts\/25114\/revisions"}],"wp:featuredmedia":[{"embeddable":true,"href":"https:\/\/enconecte.com\/index.php?rest_route=\/wp\/v2\/media\/25116"}],"wp:attachment":[{"href":"https:\/\/enconecte.com\/index.php?rest_route=%2Fwp%2Fv2%2Fmedia&parent=25114"}],"wp:term":[{"taxonomy":"category","embeddable":true,"href":"https:\/\/enconecte.com\/index.php?rest_route=%2Fwp%2Fv2%2Fcategories&post=25114"},{"taxonomy":"post_tag","embeddable":true,"href":"https:\/\/enconecte.com\/index.php?rest_route=%2Fwp%2Fv2%2Ftags&post=25114"}],"curies":[{"name":"wp","href":"https:\/\/api.w.org\/{rel}","templated":true}]}}