{"id":25087,"date":"2025-05-29T12:48:37","date_gmt":"2025-05-29T18:48:37","guid":{"rendered":"https:\/\/enconecte.com\/?p=25087"},"modified":"2025-06-03T12:49:01","modified_gmt":"2025-06-03T18:49:01","slug":"jerez-se-suma-al-cuidado-ambiental-con-la-campana-llantaton-2025","status":"publish","type":"post","link":"https:\/\/enconecte.com\/?p=25087","title":{"rendered":"JEREZ SE SUMA AL CUIDADO AMBIENTAL CON LA CAMPA\u00d1A \u201cLLANTAT\u00d3N 2025\u201d"},"content":{"rendered":"<p>El Gobierno Municipal de Jerez, encabezado por el presidente Rodrigo Ure\u00f1o, a trav\u00e9s del Departamento de Medio Ambiente y Desarrollo Sustentable, puso en marcha la campa\u00f1a \u201cLlantat\u00f3n 2025\u201d, con el objetivo de reducir los desechos y la contaminaci\u00f3n que generan las llantas al ser quemadas, as\u00ed como eliminar posibles criaderos de mosquitos transmisores de enfermedades.<br \/>\nKimberly Casta\u00f1eda, titular del Departamento de Medio Ambiente, explic\u00f3 que esta acci\u00f3n busca evitar la emisi\u00f3n de di\u00f3xido de carbono derivada de la quema de llantas, adem\u00e1s de impedir que sean arrojadas a la intemperie o lleguen al basurero municipal. Record\u00f3 que el centro de acopio est\u00e1 ubicado en el parque vehicular, a espaldas de la estaci\u00f3n de bomberos, y operar\u00e1 \u00fanicamente durante esta semana, en un horario de 9:00 de la ma\u00f1ana a 3:00 de la tarde.<br \/>\nFinalmente, se\u00f1al\u00f3 que a solo un d\u00eda de haber iniciado el \u201cLlantat\u00f3n\u201d ya se han recolectado poco m\u00e1s de medio centenar de llantas. Sin embargo, confi\u00f3 en que la participaci\u00f3n aumente en los pr\u00f3ximos d\u00edas, en beneficio del medio ambiente y del bienestar de todas y todos\u00a0los\u00a0jerezanos.<\/p>\n<p><a  href=\"https:\/\/enconecte.com\/wp-content\/uploads\/2025\/06\/Imagen-de-WhatsApp-2025-05-29-a-las-09.44.15_12e16efc.jpg\" data-rel=\"lightbox-gallery-0\" data-rl_title=\"\" data-rl_caption=\"\" title=\"\"><img loading=\"lazy\" decoding=\"async\" class=\"alignnone size-full wp-image-25089\" src=\"https:\/\/enconecte.com\/wp-content\/uploads\/2025\/06\/Imagen-de-WhatsApp-2025-05-29-a-las-09.44.15_12e16efc.jpg\" alt=\"\" width=\"900\" height=\"1600\" srcset=\"https:\/\/enconecte.com\/wp-content\/uploads\/2025\/06\/Imagen-de-WhatsApp-2025-05-29-a-las-09.44.15_12e16efc.jpg 900w, https:\/\/enconecte.com\/wp-content\/uploads\/2025\/06\/Imagen-de-WhatsApp-2025-05-29-a-las-09.44.15_12e16efc-169x300.jpg 169w, https:\/\/enconecte.com\/wp-content\/uploads\/2025\/06\/Imagen-de-WhatsApp-2025-05-29-a-las-09.44.15_12e16efc-576x1024.jpg 576w, https:\/\/enconecte.com\/wp-content\/uploads\/2025\/06\/Imagen-de-WhatsApp-2025-05-29-a-las-09.44.15_12e16efc-768x1365.jpg 768w, https:\/\/enconecte.com\/wp-content\/uploads\/2025\/06\/Imagen-de-WhatsApp-2025-05-29-a-las-09.44.15_12e16efc-864x1536.jpg 864w\" sizes=\"auto, (max-width: 900px) 100vw, 900px\" \/><\/a><\/p>\n","protected":false},"excerpt":{"rendered":"<p>El Gobierno Municipal de Jerez, encabezado por el presidente Rodrigo Ure\u00f1o, a trav\u00e9s del Departamento de Medio Ambiente y Desarrollo Sustentable, puso en marcha la campa\u00f1a \u201cLlantat\u00f3n 2025\u201d, con el objetivo de reducir los desechos y la contaminaci\u00f3n que generan las llantas al ser quemadas, as\u00ed como eliminar posibles criaderos de mosquitos transmisores de enfermedades. [&hellip;]<\/p>\n","protected":false},"author":9,"featured_media":25088,"comment_status":"closed","ping_status":"closed","sticky":false,"template":"","format":"standard","meta":{"footnotes":""},"categories":[1370],"tags":[],"class_list":["post-25087","post","type-post","status-publish","format-standard","has-post-thumbnail","hentry","category-jerez"],"_links":{"self":[{"href":"https:\/\/enconecte.com\/index.php?rest_route=\/wp\/v2\/posts\/25087","targetHints":{"allow":["GET"]}}],"collection":[{"href":"https:\/\/enconecte.com\/index.php?rest_route=\/wp\/v2\/posts"}],"about":[{"href":"https:\/\/enconecte.com\/index.php?rest_route=\/wp\/v2\/types\/post"}],"author":[{"embeddable":true,"href":"https:\/\/enconecte.com\/index.php?rest_route=\/wp\/v2\/users\/9"}],"replies":[{"embeddable":true,"href":"https:\/\/enconecte.com\/index.php?rest_route=%2Fwp%2Fv2%2Fcomments&post=25087"}],"version-history":[{"count":0,"href":"https:\/\/enconecte.com\/index.php?rest_route=\/wp\/v2\/posts\/25087\/revisions"}],"wp:featuredmedia":[{"embeddable":true,"href":"https:\/\/enconecte.com\/index.php?rest_route=\/wp\/v2\/media\/25088"}],"wp:attachment":[{"href":"https:\/\/enconecte.com\/index.php?rest_route=%2Fwp%2Fv2%2Fmedia&parent=25087"}],"wp:term":[{"taxonomy":"category","embeddable":true,"href":"https:\/\/enconecte.com\/index.php?rest_route=%2Fwp%2Fv2%2Fcategories&post=25087"},{"taxonomy":"post_tag","embeddable":true,"href":"https:\/\/enconecte.com\/index.php?rest_route=%2Fwp%2Fv2%2Ftags&post=25087"}],"curies":[{"name":"wp","href":"https:\/\/api.w.org\/{rel}","templated":true}]}}