{"id":25075,"date":"2025-05-26T12:46:42","date_gmt":"2025-05-26T18:46:42","guid":{"rendered":"https:\/\/enconecte.com\/?p=25075"},"modified":"2025-06-03T12:47:03","modified_gmt":"2025-06-03T18:47:03","slug":"dif-jerez-continua-con-campana-de-prevencion-de-pediculosis","status":"publish","type":"post","link":"https:\/\/enconecte.com\/?p=25075","title":{"rendered":"DIF JEREZ CONTIN\u00daA CON CAMPA\u00d1A DE PREVENCI\u00d3N DE PEDICULOSIS"},"content":{"rendered":"<p>El Sistema DIF Municipal de Jerez mantiene activa la Campa\u00f1a de Prevenci\u00f3n de Pediculosis, con el objetivo de brindar a las instituciones educativas herramientas para el cuidado de la salud de sus estudiantes, ante una afecci\u00f3n com\u00fan durante la temporada de calor.<br \/>\nLa Presidenta Honor\u00edfica del SMDIF, Estefana Casas Gonz\u00e1lez, realiz\u00f3 la entrega de champ\u00fas especiales para prevenir y combatir la pediculosis en las telesecundarias &#8220;Guillermo Gonz\u00e1lez Camarena&#8221; y &#8220;Rosendo Guerrero Carlos&#8221;, reafirmando su compromiso con el bienestar integral de ni\u00f1as, ni\u00f1os y adolescentes del municipio.<br \/>\nAcompa\u00f1ada por la directora del Sistema, Martha Alamillo; el jefe operativo, Juan Sald\u00edvar; y la jefa de Planeaci\u00f3n, Erika Lozano, hizo un llamado a las comunidades escolares a mantenerse atentas a los s\u00edntomas y hacer uso oportuno del tratamiento, para evitar la propagaci\u00f3n del padecimiento.<br \/>\nLa campa\u00f1a incluye a estudiantes de preescolar, primaria y telesecundaria, as\u00ed como a los del CENDI. En este \u00faltimo, la directora del DIF, junto al jefe operativo, hizo entrega de m\u00e1s champ\u00fas especializados, de los cuales se tiene previsto distribuir un total de 40 litros en una primera etapa, abarcando diversas escuelas del municipio.<br \/>\nAsimismo, personal m\u00e9dico del DIF ofreci\u00f3 a docentes y padres de familia una pl\u00e1tica informativa sobre el uso correcto del producto y la detecci\u00f3n temprana de la pediculosis, como parte de las acciones integrales de prevenci\u00f3n y atenci\u00f3n.<\/p>\n<p><a  href=\"https:\/\/enconecte.com\/wp-content\/uploads\/2025\/06\/Imagen-de-WhatsApp-2025-05-26-a-las-14.27.44_1078a37a.jpg\" data-rel=\"lightbox-gallery-0\" data-rl_title=\"\" data-rl_caption=\"\" title=\"\"><img loading=\"lazy\" decoding=\"async\" class=\"alignnone size-full wp-image-25077\" src=\"https:\/\/enconecte.com\/wp-content\/uploads\/2025\/06\/Imagen-de-WhatsApp-2025-05-26-a-las-14.27.44_1078a37a.jpg\" alt=\"\" width=\"1280\" height=\"853\" srcset=\"https:\/\/enconecte.com\/wp-content\/uploads\/2025\/06\/Imagen-de-WhatsApp-2025-05-26-a-las-14.27.44_1078a37a.jpg 1280w, https:\/\/enconecte.com\/wp-content\/uploads\/2025\/06\/Imagen-de-WhatsApp-2025-05-26-a-las-14.27.44_1078a37a-300x200.jpg 300w, https:\/\/enconecte.com\/wp-content\/uploads\/2025\/06\/Imagen-de-WhatsApp-2025-05-26-a-las-14.27.44_1078a37a-1024x682.jpg 1024w, https:\/\/enconecte.com\/wp-content\/uploads\/2025\/06\/Imagen-de-WhatsApp-2025-05-26-a-las-14.27.44_1078a37a-768x512.jpg 768w\" sizes=\"auto, (max-width: 1280px) 100vw, 1280px\" \/><\/a><\/p>\n","protected":false},"excerpt":{"rendered":"<p>El Sistema DIF Municipal de Jerez mantiene activa la Campa\u00f1a de Prevenci\u00f3n de Pediculosis, con el objetivo de brindar a las instituciones educativas herramientas para el cuidado de la salud de sus estudiantes, ante una afecci\u00f3n com\u00fan durante la temporada de calor. La Presidenta Honor\u00edfica del SMDIF, Estefana Casas Gonz\u00e1lez, realiz\u00f3 la entrega de champ\u00fas [&hellip;]<\/p>\n","protected":false},"author":9,"featured_media":25076,"comment_status":"closed","ping_status":"closed","sticky":false,"template":"","format":"standard","meta":{"footnotes":""},"categories":[1370],"tags":[],"class_list":["post-25075","post","type-post","status-publish","format-standard","has-post-thumbnail","hentry","category-jerez"],"_links":{"self":[{"href":"https:\/\/enconecte.com\/index.php?rest_route=\/wp\/v2\/posts\/25075","targetHints":{"allow":["GET"]}}],"collection":[{"href":"https:\/\/enconecte.com\/index.php?rest_route=\/wp\/v2\/posts"}],"about":[{"href":"https:\/\/enconecte.com\/index.php?rest_route=\/wp\/v2\/types\/post"}],"author":[{"embeddable":true,"href":"https:\/\/enconecte.com\/index.php?rest_route=\/wp\/v2\/users\/9"}],"replies":[{"embeddable":true,"href":"https:\/\/enconecte.com\/index.php?rest_route=%2Fwp%2Fv2%2Fcomments&post=25075"}],"version-history":[{"count":0,"href":"https:\/\/enconecte.com\/index.php?rest_route=\/wp\/v2\/posts\/25075\/revisions"}],"wp:featuredmedia":[{"embeddable":true,"href":"https:\/\/enconecte.com\/index.php?rest_route=\/wp\/v2\/media\/25076"}],"wp:attachment":[{"href":"https:\/\/enconecte.com\/index.php?rest_route=%2Fwp%2Fv2%2Fmedia&parent=25075"}],"wp:term":[{"taxonomy":"category","embeddable":true,"href":"https:\/\/enconecte.com\/index.php?rest_route=%2Fwp%2Fv2%2Fcategories&post=25075"},{"taxonomy":"post_tag","embeddable":true,"href":"https:\/\/enconecte.com\/index.php?rest_route=%2Fwp%2Fv2%2Ftags&post=25075"}],"curies":[{"name":"wp","href":"https:\/\/api.w.org\/{rel}","templated":true}]}}