{"id":25072,"date":"2025-05-26T12:46:15","date_gmt":"2025-05-26T18:46:15","guid":{"rendered":"https:\/\/enconecte.com\/?p=25072"},"modified":"2025-06-03T12:46:30","modified_gmt":"2025-06-03T18:46:30","slug":"gobierno-de-jerez-y-sedena-invitan-a-la-campana-de-canje-de-armas","status":"publish","type":"post","link":"https:\/\/enconecte.com\/?p=25072","title":{"rendered":"GOBIERNO DE JEREZ Y SEDENA INVITAN A LA CAMPA\u00d1A DE CANJE DE ARMAS"},"content":{"rendered":"<p>El Gobierno Municipal de Jerez, en coordinaci\u00f3n con la Secretar\u00eda de la Defensa Nacional (SEDENA), invita a la ciudadan\u00eda a participar en la Campa\u00f1a de Canje de Armas, que se llevar\u00e1 a cabo del 26 al 28 de mayo de 2025, en el Jard\u00edn Principal, en un horario de 09:00 a 15:00 horas.<br \/>\nEsta campa\u00f1a tiene como objetivo contribuir a la construcci\u00f3n de entornos m\u00e1s seguros, promoviendo la entrega voluntaria y an\u00f3nima de armas de fuego por parte de la poblaci\u00f3n. A cambio, las personas podr\u00e1n recibir diversos incentivos. El canje de armas es completamente confidencial, voluntario y sin repercusiones legales, buscando fomentar la cultura de la paz y prevenir hechos incidentes relacionados con el uso indebido de armas.<br \/>\nEl Gobierno Municipal reafirma su compromiso con la seguridad y el bienestar de todas las familias jerezanas, y hace un llamado a la poblaci\u00f3n a sumarse a esta importante\u00a0iniciativa.<\/p>\n<p><a  href=\"https:\/\/enconecte.com\/wp-content\/uploads\/2025\/06\/Imagen-de-WhatsApp-2025-05-26-a-las-09.32.08_08fe244f.jpg\" data-rel=\"lightbox-gallery-0\" data-rl_title=\"\" data-rl_caption=\"\" title=\"\"><img loading=\"lazy\" decoding=\"async\" class=\"alignnone size-full wp-image-25074\" src=\"https:\/\/enconecte.com\/wp-content\/uploads\/2025\/06\/Imagen-de-WhatsApp-2025-05-26-a-las-09.32.08_08fe244f.jpg\" alt=\"\" width=\"1280\" height=\"853\" srcset=\"https:\/\/enconecte.com\/wp-content\/uploads\/2025\/06\/Imagen-de-WhatsApp-2025-05-26-a-las-09.32.08_08fe244f.jpg 1280w, https:\/\/enconecte.com\/wp-content\/uploads\/2025\/06\/Imagen-de-WhatsApp-2025-05-26-a-las-09.32.08_08fe244f-300x200.jpg 300w, https:\/\/enconecte.com\/wp-content\/uploads\/2025\/06\/Imagen-de-WhatsApp-2025-05-26-a-las-09.32.08_08fe244f-1024x682.jpg 1024w, https:\/\/enconecte.com\/wp-content\/uploads\/2025\/06\/Imagen-de-WhatsApp-2025-05-26-a-las-09.32.08_08fe244f-768x512.jpg 768w\" sizes=\"auto, (max-width: 1280px) 100vw, 1280px\" \/><\/a><\/p>\n","protected":false},"excerpt":{"rendered":"<p>El Gobierno Municipal de Jerez, en coordinaci\u00f3n con la Secretar\u00eda de la Defensa Nacional (SEDENA), invita a la ciudadan\u00eda a participar en la Campa\u00f1a de Canje de Armas, que se llevar\u00e1 a cabo del 26 al 28 de mayo de 2025, en el Jard\u00edn Principal, en un horario de 09:00 a 15:00 horas. Esta campa\u00f1a [&hellip;]<\/p>\n","protected":false},"author":9,"featured_media":25073,"comment_status":"closed","ping_status":"closed","sticky":false,"template":"","format":"standard","meta":{"footnotes":""},"categories":[1370],"tags":[],"class_list":["post-25072","post","type-post","status-publish","format-standard","has-post-thumbnail","hentry","category-jerez"],"_links":{"self":[{"href":"https:\/\/enconecte.com\/index.php?rest_route=\/wp\/v2\/posts\/25072","targetHints":{"allow":["GET"]}}],"collection":[{"href":"https:\/\/enconecte.com\/index.php?rest_route=\/wp\/v2\/posts"}],"about":[{"href":"https:\/\/enconecte.com\/index.php?rest_route=\/wp\/v2\/types\/post"}],"author":[{"embeddable":true,"href":"https:\/\/enconecte.com\/index.php?rest_route=\/wp\/v2\/users\/9"}],"replies":[{"embeddable":true,"href":"https:\/\/enconecte.com\/index.php?rest_route=%2Fwp%2Fv2%2Fcomments&post=25072"}],"version-history":[{"count":0,"href":"https:\/\/enconecte.com\/index.php?rest_route=\/wp\/v2\/posts\/25072\/revisions"}],"wp:featuredmedia":[{"embeddable":true,"href":"https:\/\/enconecte.com\/index.php?rest_route=\/wp\/v2\/media\/25073"}],"wp:attachment":[{"href":"https:\/\/enconecte.com\/index.php?rest_route=%2Fwp%2Fv2%2Fmedia&parent=25072"}],"wp:term":[{"taxonomy":"category","embeddable":true,"href":"https:\/\/enconecte.com\/index.php?rest_route=%2Fwp%2Fv2%2Fcategories&post=25072"},{"taxonomy":"post_tag","embeddable":true,"href":"https:\/\/enconecte.com\/index.php?rest_route=%2Fwp%2Fv2%2Ftags&post=25072"}],"curies":[{"name":"wp","href":"https:\/\/api.w.org\/{rel}","templated":true}]}}