{"id":25066,"date":"2025-05-24T12:44:58","date_gmt":"2025-05-24T18:44:58","guid":{"rendered":"https:\/\/enconecte.com\/?p=25066"},"modified":"2025-06-03T12:45:15","modified_gmt":"2025-06-03T18:45:15","slug":"jovenes-jerezanos-muestran-su-talento-artistico-en-el-primer-festival-cultural-estudiantil","status":"publish","type":"post","link":"https:\/\/enconecte.com\/?p=25066","title":{"rendered":"J\u00d3VENES JEREZANOS MUESTRAN SU TALENTO ART\u00cdSTICO EN EL PRIMER FESTIVAL CULTURAL ESTUDIANTIL"},"content":{"rendered":"<p>El arte, talento y juventud se unieron para dar vida al Primer Festival Cultural Estudiantil, que el Gobierno Municipal, a trav\u00e9s del Instituto Jerezano de Cultura (IJC), organiza para dar continuidad a la conmemoraci\u00f3n por el D\u00eda del Estudiante.<br \/>\nLa subdirectora de Desarrollo Social, Elizabeth Murillo, acompa\u00f1ada por el titular del Instituto Jerezano de la Juventud (INJJUVE), Omar D\u00e1vila, destac\u00f3 el inter\u00e9s del alcalde Rodrigo Ure\u00f1o en construir espacios de impulso y proyecci\u00f3n de la juventud, por lo cual se han efectuando diversas acciones para este sector con \u00e9nfasis en la semana del estudiante.<br \/>\nLa m\u00fasica, el canto y la declamaci\u00f3n se hicieron presentes en el Festival, a trav\u00e9s de las demostraciones de alumnos de distintos planteles de nivel b\u00e1sico, medio superior y superior, quienes haciendo gala de sus habilidades art\u00edsticas interpretaron populares canciones de distintos g\u00e9neros musicales, as\u00ed como emotivos poemas.<br \/>\nIntegrantes del Cabildo de la Juventud, el coordinador de Deporte Municipal, Alejandro Dorado, directivos de las escuelas participantes, y p\u00fablico en general, disfrutaron de una amena tarde-noche llena del nutrido talento que distingue\u00a0a\u00a0Jerez.<\/p>\n<p><a  href=\"https:\/\/enconecte.com\/wp-content\/uploads\/2025\/06\/Imagen-de-WhatsApp-2025-05-24-a-las-21.16.04_bc7a66cb.jpg\" data-rel=\"lightbox-gallery-0\" data-rl_title=\"\" data-rl_caption=\"\" title=\"\"><img loading=\"lazy\" decoding=\"async\" class=\"alignnone size-full wp-image-25068\" src=\"https:\/\/enconecte.com\/wp-content\/uploads\/2025\/06\/Imagen-de-WhatsApp-2025-05-24-a-las-21.16.04_bc7a66cb.jpg\" alt=\"\" width=\"1280\" height=\"853\" srcset=\"https:\/\/enconecte.com\/wp-content\/uploads\/2025\/06\/Imagen-de-WhatsApp-2025-05-24-a-las-21.16.04_bc7a66cb.jpg 1280w, https:\/\/enconecte.com\/wp-content\/uploads\/2025\/06\/Imagen-de-WhatsApp-2025-05-24-a-las-21.16.04_bc7a66cb-300x200.jpg 300w, https:\/\/enconecte.com\/wp-content\/uploads\/2025\/06\/Imagen-de-WhatsApp-2025-05-24-a-las-21.16.04_bc7a66cb-1024x682.jpg 1024w, https:\/\/enconecte.com\/wp-content\/uploads\/2025\/06\/Imagen-de-WhatsApp-2025-05-24-a-las-21.16.04_bc7a66cb-768x512.jpg 768w\" sizes=\"auto, (max-width: 1280px) 100vw, 1280px\" \/><\/a><\/p>\n","protected":false},"excerpt":{"rendered":"<p>El arte, talento y juventud se unieron para dar vida al Primer Festival Cultural Estudiantil, que el Gobierno Municipal, a trav\u00e9s del Instituto Jerezano de Cultura (IJC), organiza para dar continuidad a la conmemoraci\u00f3n por el D\u00eda del Estudiante. La subdirectora de Desarrollo Social, Elizabeth Murillo, acompa\u00f1ada por el titular del Instituto Jerezano de la [&hellip;]<\/p>\n","protected":false},"author":9,"featured_media":25067,"comment_status":"closed","ping_status":"closed","sticky":false,"template":"","format":"standard","meta":{"footnotes":""},"categories":[1370],"tags":[],"class_list":["post-25066","post","type-post","status-publish","format-standard","has-post-thumbnail","hentry","category-jerez"],"_links":{"self":[{"href":"https:\/\/enconecte.com\/index.php?rest_route=\/wp\/v2\/posts\/25066","targetHints":{"allow":["GET"]}}],"collection":[{"href":"https:\/\/enconecte.com\/index.php?rest_route=\/wp\/v2\/posts"}],"about":[{"href":"https:\/\/enconecte.com\/index.php?rest_route=\/wp\/v2\/types\/post"}],"author":[{"embeddable":true,"href":"https:\/\/enconecte.com\/index.php?rest_route=\/wp\/v2\/users\/9"}],"replies":[{"embeddable":true,"href":"https:\/\/enconecte.com\/index.php?rest_route=%2Fwp%2Fv2%2Fcomments&post=25066"}],"version-history":[{"count":0,"href":"https:\/\/enconecte.com\/index.php?rest_route=\/wp\/v2\/posts\/25066\/revisions"}],"wp:featuredmedia":[{"embeddable":true,"href":"https:\/\/enconecte.com\/index.php?rest_route=\/wp\/v2\/media\/25067"}],"wp:attachment":[{"href":"https:\/\/enconecte.com\/index.php?rest_route=%2Fwp%2Fv2%2Fmedia&parent=25066"}],"wp:term":[{"taxonomy":"category","embeddable":true,"href":"https:\/\/enconecte.com\/index.php?rest_route=%2Fwp%2Fv2%2Fcategories&post=25066"},{"taxonomy":"post_tag","embeddable":true,"href":"https:\/\/enconecte.com\/index.php?rest_route=%2Fwp%2Fv2%2Ftags&post=25066"}],"curies":[{"name":"wp","href":"https:\/\/api.w.org\/{rel}","templated":true}]}}