{"id":25063,"date":"2025-05-24T12:44:28","date_gmt":"2025-05-24T18:44:28","guid":{"rendered":"https:\/\/enconecte.com\/?p=25063"},"modified":"2025-06-03T12:44:45","modified_gmt":"2025-06-03T18:44:45","slug":"gobierno-de-jerez-impulsa-a-jovenes-emprendedores-con-bazar-el-puntazo","status":"publish","type":"post","link":"https:\/\/enconecte.com\/?p=25063","title":{"rendered":"GOBIERNO DE JEREZ IMPULSA A J\u00d3VENES EMPRENDEDORES CON BAZAR &#8220;EL PUNTAZO&#8221;"},"content":{"rendered":"<p>Para continuar con las actividades del D\u00eda del Estudiante y del movimiento \u00a1Pa&#8217; Delante Joven!, el Gobierno Municipal, a trav\u00e9s del Instituto Jerezano de la Juventud (INJUVE), llev\u00f3 a cabo la primera edici\u00f3n del Bazar Juvenil &#8220;El Puntazo&#8221;, una plataforma local de emprendimiento que brinda a las y los j\u00f3venes la oportunidad de exhibir y ofrecer sus productos y servicios.<br \/>\nDurante el arranque de este espacio, el director de Desarrollo Econ\u00f3mico y Social, David Ju\u00e1rez, y el titular del INJUVE, Omar D\u00e1vila, felicitaron la labor y la iniciativa de los j\u00f3venes expositores, al tiempo que refrendaron el compromiso del Ayuntamiento, encabezado por el alcalde Rodrigo Ure\u00f1o, de continuar impulsando acciones que destaquen y motiven el trabajo de la juventud jerezana.<br \/>\nEl Bazar tambi\u00e9n estar\u00e1 disponible en Plaza Tacuba el domingo 25, con un horario de 10:00 a.m. a 2:00 p.m., con la participaci\u00f3n de emprendedores a partir de los 15 a\u00f1os de edad, quienes ofrecer\u00e1n productos como bisuter\u00eda, perfumer\u00eda, reposter\u00eda, ropa, accesorios, joyer\u00eda, plater\u00eda, snacks, suplementos alimenticios, amigurumis, entre otros.<br \/>\nEl evento inaugural cont\u00f3 con la presencia de la joven colaboradora, emprendedora y especialista en espacios comerciales, Valeria Ju\u00e1rez; los regidores Hebert Herrera y Javier Cabral; el titular de Fomento Econ\u00f3mico y Proyectos Productivos, Ra\u00fal M\u00e1rquez; y el coordinador de Deporte Municipal, Alejandro\u00a0Dorado.<\/p>\n<p><a  href=\"https:\/\/enconecte.com\/wp-content\/uploads\/2025\/06\/Imagen-de-WhatsApp-2025-05-24-a-las-16.24.44_f182f97a.jpg\" data-rel=\"lightbox-gallery-0\" data-rl_title=\"\" data-rl_caption=\"\" title=\"\"><img loading=\"lazy\" decoding=\"async\" class=\"alignnone size-full wp-image-25065\" src=\"https:\/\/enconecte.com\/wp-content\/uploads\/2025\/06\/Imagen-de-WhatsApp-2025-05-24-a-las-16.24.44_f182f97a.jpg\" alt=\"\" width=\"1599\" height=\"1066\" srcset=\"https:\/\/enconecte.com\/wp-content\/uploads\/2025\/06\/Imagen-de-WhatsApp-2025-05-24-a-las-16.24.44_f182f97a.jpg 1599w, https:\/\/enconecte.com\/wp-content\/uploads\/2025\/06\/Imagen-de-WhatsApp-2025-05-24-a-las-16.24.44_f182f97a-300x200.jpg 300w, https:\/\/enconecte.com\/wp-content\/uploads\/2025\/06\/Imagen-de-WhatsApp-2025-05-24-a-las-16.24.44_f182f97a-1024x683.jpg 1024w, https:\/\/enconecte.com\/wp-content\/uploads\/2025\/06\/Imagen-de-WhatsApp-2025-05-24-a-las-16.24.44_f182f97a-768x512.jpg 768w, https:\/\/enconecte.com\/wp-content\/uploads\/2025\/06\/Imagen-de-WhatsApp-2025-05-24-a-las-16.24.44_f182f97a-1536x1024.jpg 1536w\" sizes=\"auto, (max-width: 1599px) 100vw, 1599px\" \/><\/a><\/p>\n","protected":false},"excerpt":{"rendered":"<p>Para continuar con las actividades del D\u00eda del Estudiante y del movimiento \u00a1Pa&#8217; Delante Joven!, el Gobierno Municipal, a trav\u00e9s del Instituto Jerezano de la Juventud (INJUVE), llev\u00f3 a cabo la primera edici\u00f3n del Bazar Juvenil &#8220;El Puntazo&#8221;, una plataforma local de emprendimiento que brinda a las y los j\u00f3venes la oportunidad de exhibir y [&hellip;]<\/p>\n","protected":false},"author":9,"featured_media":25064,"comment_status":"closed","ping_status":"closed","sticky":false,"template":"","format":"standard","meta":{"footnotes":""},"categories":[1370],"tags":[],"class_list":["post-25063","post","type-post","status-publish","format-standard","has-post-thumbnail","hentry","category-jerez"],"_links":{"self":[{"href":"https:\/\/enconecte.com\/index.php?rest_route=\/wp\/v2\/posts\/25063","targetHints":{"allow":["GET"]}}],"collection":[{"href":"https:\/\/enconecte.com\/index.php?rest_route=\/wp\/v2\/posts"}],"about":[{"href":"https:\/\/enconecte.com\/index.php?rest_route=\/wp\/v2\/types\/post"}],"author":[{"embeddable":true,"href":"https:\/\/enconecte.com\/index.php?rest_route=\/wp\/v2\/users\/9"}],"replies":[{"embeddable":true,"href":"https:\/\/enconecte.com\/index.php?rest_route=%2Fwp%2Fv2%2Fcomments&post=25063"}],"version-history":[{"count":0,"href":"https:\/\/enconecte.com\/index.php?rest_route=\/wp\/v2\/posts\/25063\/revisions"}],"wp:featuredmedia":[{"embeddable":true,"href":"https:\/\/enconecte.com\/index.php?rest_route=\/wp\/v2\/media\/25064"}],"wp:attachment":[{"href":"https:\/\/enconecte.com\/index.php?rest_route=%2Fwp%2Fv2%2Fmedia&parent=25063"}],"wp:term":[{"taxonomy":"category","embeddable":true,"href":"https:\/\/enconecte.com\/index.php?rest_route=%2Fwp%2Fv2%2Fcategories&post=25063"},{"taxonomy":"post_tag","embeddable":true,"href":"https:\/\/enconecte.com\/index.php?rest_route=%2Fwp%2Fv2%2Ftags&post=25063"}],"curies":[{"name":"wp","href":"https:\/\/api.w.org\/{rel}","templated":true}]}}