{"id":25058,"date":"2025-05-23T12:43:32","date_gmt":"2025-05-23T18:43:32","guid":{"rendered":"https:\/\/enconecte.com\/?p=25058"},"modified":"2025-06-03T12:43:50","modified_gmt":"2025-06-03T18:43:50","slug":"gobierno-de-jerez-y-productores-apicolas-unidos-contra-la-varroasis","status":"publish","type":"post","link":"https:\/\/enconecte.com\/?p=25058","title":{"rendered":"GOBIERNO DE JEREZ Y PRODUCTORES AP\u00cdCOLAS UNIDOS CONTRA LA VARROASIS"},"content":{"rendered":"<p>El Gobierno Municipal de Jerez, encabezado por Rodrigo Ure\u00f1o Ba\u00f1uelos, a trav\u00e9s del Departamento de Desarrollo Agropecuario y Forestal y en coordinaci\u00f3n con el Comit\u00e9 Estatal para el Fomento y Protecci\u00f3n Pecuaria de Zacatecas (CEFOPP), ofreci\u00f3 una capacitaci\u00f3n a productores de miel titulada \u201cUnidos contra la Varroasis de las Abejas\u201d, enfocada en prevenir una de las principales enfermedades que afecta colmenas completas y disminuye significativamente la producci\u00f3n de miel.<br \/>\nAl dar la bienvenida y en representaci\u00f3n del alcalde, Rolando Ruiz V\u00e1zquez, jefe del Departamento Agropecuario, destac\u00f3 que la campa\u00f1a contra la varroasis es fundamental y de vital importancia para proteger los apiarios distribuidos en el municipio de Jerez. Subray\u00f3 adem\u00e1s que la vigilancia epidemiol\u00f3gica, mediante la toma de muestras y un diagn\u00f3stico eficiente del \u00e1caro Varroa destructor, fomenta una buena producci\u00f3n de miel y permite prevenir y controlar enfermedades en las abejas.<br \/>\nPor su parte, Eliza del Carmen M\u00e9ndez Garc\u00eda, representante del CEFOPP, se\u00f1al\u00f3 que es crucial atender este problema de alcance mundial, ya que afecta a toda la colonia, incluyendo a la abeja reina, z\u00e1nganos y obreras, lo que reduce considerablemente la producci\u00f3n de miel. Ante esta situaci\u00f3n, explic\u00f3 que el taller tiene como objetivo brindar a los productores herramientas para monitorear sus colmenas e implementar medidas sanitarias que prevengan la aparici\u00f3n del \u00e1caro. Asimismo, anunci\u00f3 que en las pr\u00f3ximas semanas se har\u00e1 entrega de un kit para el control del Varroa destructor.<br \/>\nAl evento tambi\u00e9n asisti\u00f3 Jos\u00e9 Arturo Garc\u00eda Cabrera, presidente de la Asociaci\u00f3n Ganadera Especializada en Abejas de Jerez, quien agradeci\u00f3 la disposici\u00f3n del Ayuntamiento para colaborar en el fortalecimiento de la producci\u00f3n de miel de los m\u00e1s de 40 productores ap\u00edcolas\u00a0del\u00a0municipio.<\/p>\n<p><a  href=\"https:\/\/enconecte.com\/wp-content\/uploads\/2025\/06\/Imagen-de-WhatsApp-2025-05-23-a-las-13.46.55_0489ea18.jpg\" data-rel=\"lightbox-gallery-0\" data-rl_title=\"\" data-rl_caption=\"\" title=\"\"><img loading=\"lazy\" decoding=\"async\" class=\"alignnone size-full wp-image-25060\" src=\"https:\/\/enconecte.com\/wp-content\/uploads\/2025\/06\/Imagen-de-WhatsApp-2025-05-23-a-las-13.46.55_0489ea18.jpg\" alt=\"\" width=\"1600\" height=\"1066\" srcset=\"https:\/\/enconecte.com\/wp-content\/uploads\/2025\/06\/Imagen-de-WhatsApp-2025-05-23-a-las-13.46.55_0489ea18.jpg 1600w, https:\/\/enconecte.com\/wp-content\/uploads\/2025\/06\/Imagen-de-WhatsApp-2025-05-23-a-las-13.46.55_0489ea18-300x200.jpg 300w, https:\/\/enconecte.com\/wp-content\/uploads\/2025\/06\/Imagen-de-WhatsApp-2025-05-23-a-las-13.46.55_0489ea18-1024x682.jpg 1024w, https:\/\/enconecte.com\/wp-content\/uploads\/2025\/06\/Imagen-de-WhatsApp-2025-05-23-a-las-13.46.55_0489ea18-768x512.jpg 768w, https:\/\/enconecte.com\/wp-content\/uploads\/2025\/06\/Imagen-de-WhatsApp-2025-05-23-a-las-13.46.55_0489ea18-1536x1023.jpg 1536w\" sizes=\"auto, (max-width: 1600px) 100vw, 1600px\" \/><\/a><\/p>\n","protected":false},"excerpt":{"rendered":"<p>El Gobierno Municipal de Jerez, encabezado por Rodrigo Ure\u00f1o Ba\u00f1uelos, a trav\u00e9s del Departamento de Desarrollo Agropecuario y Forestal y en coordinaci\u00f3n con el Comit\u00e9 Estatal para el Fomento y Protecci\u00f3n Pecuaria de Zacatecas (CEFOPP), ofreci\u00f3 una capacitaci\u00f3n a productores de miel titulada \u201cUnidos contra la Varroasis de las Abejas\u201d, enfocada en prevenir una de [&hellip;]<\/p>\n","protected":false},"author":9,"featured_media":25059,"comment_status":"closed","ping_status":"closed","sticky":false,"template":"","format":"standard","meta":{"footnotes":""},"categories":[1370],"tags":[],"class_list":["post-25058","post","type-post","status-publish","format-standard","has-post-thumbnail","hentry","category-jerez"],"_links":{"self":[{"href":"https:\/\/enconecte.com\/index.php?rest_route=\/wp\/v2\/posts\/25058","targetHints":{"allow":["GET"]}}],"collection":[{"href":"https:\/\/enconecte.com\/index.php?rest_route=\/wp\/v2\/posts"}],"about":[{"href":"https:\/\/enconecte.com\/index.php?rest_route=\/wp\/v2\/types\/post"}],"author":[{"embeddable":true,"href":"https:\/\/enconecte.com\/index.php?rest_route=\/wp\/v2\/users\/9"}],"replies":[{"embeddable":true,"href":"https:\/\/enconecte.com\/index.php?rest_route=%2Fwp%2Fv2%2Fcomments&post=25058"}],"version-history":[{"count":0,"href":"https:\/\/enconecte.com\/index.php?rest_route=\/wp\/v2\/posts\/25058\/revisions"}],"wp:featuredmedia":[{"embeddable":true,"href":"https:\/\/enconecte.com\/index.php?rest_route=\/wp\/v2\/media\/25059"}],"wp:attachment":[{"href":"https:\/\/enconecte.com\/index.php?rest_route=%2Fwp%2Fv2%2Fmedia&parent=25058"}],"wp:term":[{"taxonomy":"category","embeddable":true,"href":"https:\/\/enconecte.com\/index.php?rest_route=%2Fwp%2Fv2%2Fcategories&post=25058"},{"taxonomy":"post_tag","embeddable":true,"href":"https:\/\/enconecte.com\/index.php?rest_route=%2Fwp%2Fv2%2Ftags&post=25058"}],"curies":[{"name":"wp","href":"https:\/\/api.w.org\/{rel}","templated":true}]}}