{"id":25055,"date":"2025-05-23T12:42:57","date_gmt":"2025-05-23T18:42:57","guid":{"rendered":"https:\/\/enconecte.com\/?p=25055"},"modified":"2025-06-03T12:43:20","modified_gmt":"2025-06-03T18:43:20","slug":"dif-municipal-promueve-el-entendimiento-familiar-en-el-marco-del-dia-del-estudiante","status":"publish","type":"post","link":"https:\/\/enconecte.com\/?p=25055","title":{"rendered":"DIF MUNICIPAL PROMUEVE EL ENTENDIMIENTO FAMILIAR EN EL MARCO DEL D\u00cdA DEL ESTUDIANTE"},"content":{"rendered":"<p>Comprometido con la calidad de vida de las familias jerezanas y en el marco de la conmemoraci\u00f3n del D\u00eda del Estudiante, el DIF Municipal ofreci\u00f3 la conferencia \u201cLa adolescencia: un reto para los padres, una oportunidad para los hijos\u201d, impartida por el m\u00e9dico y formador de terapeutas radicado en Espa\u00f1a, Vicente M\u00e9ndez.<br \/>\nLa directora del Sistema, Martha Alamillo, destac\u00f3 la importancia de fomentar relaciones sanas en los hogares como base para construir una mejor sociedad. En ese sentido, reafirm\u00f3 que desde el DIF Jerez, encabezado por la presidenta honor\u00edfica Estefana Casas Gonz\u00e1lez, se dise\u00f1an y promueven constantemente acciones encaminadas a ese prop\u00f3sito. En esta ocasi\u00f3n, el objetivo fue propiciar una mejor comprensi\u00f3n entre padres y adolescentes respecto a la etapa que est\u00e1n viviendo, favoreciendo as\u00ed una interacci\u00f3n y comunicaci\u00f3n m\u00e1s saludables.<br \/>\nDurante su intervenci\u00f3n, el conferencista explic\u00f3 que un di\u00e1logo efectivo entre padres e hijos puede marcar una gran diferencia en la convivencia familiar. Asimismo, subray\u00f3 que la adolescencia, aunque con altibajos, representa una valiosa oportunidad de aprendizaje para ambas partes.<br \/>\nEn presencia de la jefa de Planeaci\u00f3n del SMDIF, Erika Lozano, el p\u00fablico, conformado por adolescentes y padres de familia, reflexion\u00f3 sobre las caracter\u00edsticas propias de esta etapa, as\u00ed como sobre los signos de alerta que requieren atenci\u00f3n, tales como el aislamiento familiar y social, problemas de autoestima, y trastornos psicol\u00f3gicos, alimentarios o sexuales,\u00a0entre\u00a0otros.<\/p>\n<p><a  href=\"https:\/\/enconecte.com\/wp-content\/uploads\/2025\/06\/Imagen-de-WhatsApp-2025-05-23-a-las-10.04.34_74fe426e.jpg\" data-rel=\"lightbox-gallery-0\" data-rl_title=\"\" data-rl_caption=\"\" title=\"\"><img loading=\"lazy\" decoding=\"async\" class=\"alignnone size-full wp-image-25057\" src=\"https:\/\/enconecte.com\/wp-content\/uploads\/2025\/06\/Imagen-de-WhatsApp-2025-05-23-a-las-10.04.34_74fe426e.jpg\" alt=\"\" width=\"1599\" height=\"1066\" srcset=\"https:\/\/enconecte.com\/wp-content\/uploads\/2025\/06\/Imagen-de-WhatsApp-2025-05-23-a-las-10.04.34_74fe426e.jpg 1599w, https:\/\/enconecte.com\/wp-content\/uploads\/2025\/06\/Imagen-de-WhatsApp-2025-05-23-a-las-10.04.34_74fe426e-300x200.jpg 300w, https:\/\/enconecte.com\/wp-content\/uploads\/2025\/06\/Imagen-de-WhatsApp-2025-05-23-a-las-10.04.34_74fe426e-1024x683.jpg 1024w, https:\/\/enconecte.com\/wp-content\/uploads\/2025\/06\/Imagen-de-WhatsApp-2025-05-23-a-las-10.04.34_74fe426e-768x512.jpg 768w, https:\/\/enconecte.com\/wp-content\/uploads\/2025\/06\/Imagen-de-WhatsApp-2025-05-23-a-las-10.04.34_74fe426e-1536x1024.jpg 1536w\" sizes=\"auto, (max-width: 1599px) 100vw, 1599px\" \/><\/a><\/p>\n","protected":false},"excerpt":{"rendered":"<p>Comprometido con la calidad de vida de las familias jerezanas y en el marco de la conmemoraci\u00f3n del D\u00eda del Estudiante, el DIF Municipal ofreci\u00f3 la conferencia \u201cLa adolescencia: un reto para los padres, una oportunidad para los hijos\u201d, impartida por el m\u00e9dico y formador de terapeutas radicado en Espa\u00f1a, Vicente M\u00e9ndez. La directora del [&hellip;]<\/p>\n","protected":false},"author":9,"featured_media":25056,"comment_status":"closed","ping_status":"closed","sticky":false,"template":"","format":"standard","meta":{"footnotes":""},"categories":[1370],"tags":[],"class_list":["post-25055","post","type-post","status-publish","format-standard","has-post-thumbnail","hentry","category-jerez"],"_links":{"self":[{"href":"https:\/\/enconecte.com\/index.php?rest_route=\/wp\/v2\/posts\/25055","targetHints":{"allow":["GET"]}}],"collection":[{"href":"https:\/\/enconecte.com\/index.php?rest_route=\/wp\/v2\/posts"}],"about":[{"href":"https:\/\/enconecte.com\/index.php?rest_route=\/wp\/v2\/types\/post"}],"author":[{"embeddable":true,"href":"https:\/\/enconecte.com\/index.php?rest_route=\/wp\/v2\/users\/9"}],"replies":[{"embeddable":true,"href":"https:\/\/enconecte.com\/index.php?rest_route=%2Fwp%2Fv2%2Fcomments&post=25055"}],"version-history":[{"count":0,"href":"https:\/\/enconecte.com\/index.php?rest_route=\/wp\/v2\/posts\/25055\/revisions"}],"wp:featuredmedia":[{"embeddable":true,"href":"https:\/\/enconecte.com\/index.php?rest_route=\/wp\/v2\/media\/25056"}],"wp:attachment":[{"href":"https:\/\/enconecte.com\/index.php?rest_route=%2Fwp%2Fv2%2Fmedia&parent=25055"}],"wp:term":[{"taxonomy":"category","embeddable":true,"href":"https:\/\/enconecte.com\/index.php?rest_route=%2Fwp%2Fv2%2Fcategories&post=25055"},{"taxonomy":"post_tag","embeddable":true,"href":"https:\/\/enconecte.com\/index.php?rest_route=%2Fwp%2Fv2%2Ftags&post=25055"}],"curies":[{"name":"wp","href":"https:\/\/api.w.org\/{rel}","templated":true}]}}